{"id":13308,"date":"2019-07-25T17:13:37","date_gmt":"2019-07-25T20:13:37","guid":{"rendered":"https:\/\/blogs.correiobraziliense.com.br\/servidor\/?p=13308"},"modified":"2019-07-25T17:13:37","modified_gmt":"2019-07-25T20:13:37","slug":"sinditamaraty-posse-da-nova-diretoria","status":"publish","type":"post","link":"https:\/\/blogs.correiobraziliense.com.br\/servidor\/sinditamaraty-posse-da-nova-diretoria\/","title":{"rendered":"Sinditamaraty &#8211; Posse da nova diretoria"},"content":{"rendered":"<p>A solenidade de posse da diretoria executiva, do conselho fiscal e do conselho deliberativo do Sindicato Nacional dos Servidores do Minist\u00e9rio das Rela\u00e7\u00f5es (Sinditamaraty) est\u00e1 marcada para 1\u00ba de agosto, a partir das 16h, no Audit\u00f3rio Paulo Nogueira (Anexo II, t\u00e9rreo \u2013 Itamaraty). Os novos representantes foram escolhidos em vota\u00e7\u00e3o eletr\u00f4nica e estar\u00e3o \u00e0 frente do Sindicato no bi\u00eanio 2019\/2021. Esta ser\u00e1 a sexta gest\u00e3o da entidade que completa, em setembro, 10 anos.<\/p>\n<p>Veja:<\/p>\n<p><img loading=\"lazy\" decoding=\"async\" class=\"size-large wp-image-13309 aligncenter\" src=\"https:\/\/blogs.correiobraziliense.com.br\/servidor\/wp-content\/uploads\/sites\/10\/2019\/07\/Diretoria_executiva-01-01_1-1024x1024.jpg\" alt=\"\" width=\"1024\" height=\"1024\" srcset=\"https:\/\/blogs.correiobraziliense.com.br\/servidor\/wp-content\/uploads\/sites\/10\/2019\/07\/Diretoria_executiva-01-01_1-1024x1024.jpg 1024w, https:\/\/blogs.correiobraziliense.com.br\/servidor\/wp-content\/uploads\/sites\/10\/2019\/07\/Diretoria_executiva-01-01_1-150x150.jpg 150w, https:\/\/blogs.correiobraziliense.com.br\/servidor\/wp-content\/uploads\/sites\/10\/2019\/07\/Diretoria_executiva-01-01_1-300x300.jpg 300w, https:\/\/blogs.correiobraziliense.com.br\/servidor\/wp-content\/uploads\/sites\/10\/2019\/07\/Diretoria_executiva-01-01_1-768x768.jpg 768w, https:\/\/blogs.correiobraziliense.com.br\/servidor\/wp-content\/uploads\/sites\/10\/2019\/07\/Diretoria_executiva-01-01_1-350x350.jpg 350w, https:\/\/blogs.correiobraziliense.com.br\/servidor\/wp-content\/uploads\/sites\/10\/2019\/07\/Diretoria_executiva-01-01_1-1440x1440.jpg 1440w, https:\/\/blogs.correiobraziliense.com.br\/servidor\/wp-content\/uploads\/sites\/10\/2019\/07\/Diretoria_executiva-01-01_1-550x550.jpg 550w, https:\/\/blogs.correiobraziliense.com.br\/servidor\/wp-content\/uploads\/sites\/10\/2019\/07\/Diretoria_executiva-01-01_1-230x230.jpg 230w, https:\/\/blogs.correiobraziliense.com.br\/servidor\/wp-content\/uploads\/sites\/10\/2019\/07\/Diretoria_executiva-01-01_1.jpg 1668w\" sizes=\"auto, (max-width: 1024px) 100vw, 1024px\" \/><\/p>\n","protected":false},"excerpt":{"rendered":"<p>A solenidade de posse da diretoria executiva, do conselho fiscal e do conselho deliberativo do Sindicato Nacional dos Servidores do Minist\u00e9rio das Rela\u00e7\u00f5es (Sinditamaraty) est\u00e1 marcada para 1\u00ba de agosto, a partir das 16h, no Audit\u00f3rio Paulo Nogueira (Anexo II, t\u00e9rreo \u2013 Itamaraty). Os novos representantes foram escolhidos em vota\u00e7\u00e3o eletr\u00f4nica e estar\u00e3o \u00e0 frente do Sindicato no bi\u00eanio 2019\/2021. [&hellip;]<\/p>\n","protected":false},"author":27,"featured_media":0,"comment_status":"open","ping_status":"closed","sticky":false,"template":"","format":"standard","meta":{"footnotes":""},"categories":[2719],"tags":[869,15781,868,2122],"class_list":["post-13308","post","type-post","status-publish","format-standard","hentry","category-servidor","tag-diretoria-executiva","tag-escolhidos","tag-posse","tag-sinditamaraty"],"_links":{"self":[{"href":"https:\/\/blogs.correiobraziliense.com.br\/servidor\/wp-json\/wp\/v2\/posts\/13308","targetHints":{"allow":["GET"]}}],"collection":[{"href":"https:\/\/blogs.correiobraziliense.com.br\/servidor\/wp-json\/wp\/v2\/posts"}],"about":[{"href":"https:\/\/blogs.correiobraziliense.com.br\/servidor\/wp-json\/wp\/v2\/types\/post"}],"author":[{"embeddable":true,"href":"https:\/\/blogs.correiobraziliense.com.br\/servidor\/wp-json\/wp\/v2\/users\/27"}],"replies":[{"embeddable":true,"href":"https:\/\/blogs.correiobraziliense.com.br\/servidor\/wp-json\/wp\/v2\/comments?post=13308"}],"version-history":[{"count":1,"href":"https:\/\/blogs.correiobraziliense.com.br\/servidor\/wp-json\/wp\/v2\/posts\/13308\/revisions"}],"predecessor-version":[{"id":13310,"href":"https:\/\/blogs.correiobraziliense.com.br\/servidor\/wp-json\/wp\/v2\/posts\/13308\/revisions\/13310"}],"wp:attachment":[{"href":"https:\/\/blogs.correiobraziliense.com.br\/servidor\/wp-json\/wp\/v2\/media?parent=13308"}],"wp:term":[{"taxonomy":"category","embeddable":true,"href":"https:\/\/blogs.correiobraziliense.com.br\/servidor\/wp-json\/wp\/v2\/categories?post=13308"},{"taxonomy":"post_tag","embeddable":true,"href":"https:\/\/blogs.correiobraziliense.com.br\/servidor\/wp-json\/wp\/v2\/tags?post=13308"}],"curies":[{"name":"wp","href":"https:\/\/api.w.org\/{rel}","templated":true}]}}