{"id":13306,"date":"2019-07-25T17:02:27","date_gmt":"2019-07-25T20:02:27","guid":{"rendered":"https:\/\/blogs.correiobraziliense.com.br\/servidor\/?p=13306"},"modified":"2019-07-25T17:03:50","modified_gmt":"2019-07-25T20:03:50","slug":"twitter-lanca-ativacao-para-conectar-pessoas-de-todo-o-mundo-em-tempo-real","status":"publish","type":"post","link":"https:\/\/blogs.correiobraziliense.com.br\/servidor\/twitter-lanca-ativacao-para-conectar-pessoas-de-todo-o-mundo-em-tempo-real\/","title":{"rendered":"Twitter lan\u00e7a ativa\u00e7\u00e3o para conectar pessoas de todo o mundo em tempo real"},"content":{"rendered":"<p><em>A experi\u00eancia, chamada <strong>#Tweetups<\/strong>, acontecer\u00e1 na Av. Paulista, em S\u00e3o Paulo, de 25 de julho a 4 de agosto<\/em><\/p>\n<p>O Twitter lan\u00e7a hoje (25), em parceria com a Shared Studios (@SharedStudios), uma experi\u00eancia \u00fanica para que pessoas do mundo inteiro possam se conectar em tempo real e engajar em conversas ricas sobre assuntos de interesse. At\u00e9 o dia 4 de agosto, 40 cidades de todo o mundo estar\u00e3o ligadas simultaneamente pelo <em>#Tweetups<\/em>, que proporcionar\u00e1 diversos encontros virtuais tem\u00e1ticos. Esta \u00e9 a primeira vez que a empresa se conecta simultaneamente ao redor do globo para intera\u00e7\u00f5es entre as pessoas.<\/p>\n<p>As conversas acontecer\u00e3o dentro de um cont\u00eainer &#8211; o mesmo tipo em todos os locais do mundo &#8211; que inclui c\u00e2meras e uma tela para exibi\u00e7\u00e3o da imagem das pessoas em tamanho real, dando a sensa\u00e7\u00e3o de que est\u00e3o dividindo o mesmo ambiente. Al\u00e9m disso, curadores estar\u00e3o dispon\u00edveis para que todos possam se comunicar, independentemente da l\u00edngua nativa.<\/p>\n<p>&#8220;Possibilitar conex\u00f5es globais e conversas que v\u00e3o al\u00e9m de fronteiras e barreiras sempre fez parte do DNA do Twitter. Os encontros chamados <em>#Tweetups<\/em> foram criados pelas pessoas que usam o Twitter diariamente como um meio de se conectar com quem compartilha os mesmos interesses. Essa experi\u00eancia, que at\u00e9 hoje era limitada pela geografia, ganha vida com espa\u00e7os interativos em cidades ao redor do mundo para possibilitar uma din\u00e2mica troca cultural e conversas poderosas&#8221;, conta Nola Weinstein, diretora global de marketing cultural e experiencial do Twitter.<\/p>\n<p>A avenida Paulista, na cidade de S\u00e3o Paulo, ser\u00e1 a sede da ativa\u00e7\u00e3o no Brasil. Cidades como Deli (\u00cdndia), Jerusal\u00e9m (Israel), Lagos (Nig\u00e9ria), Melbourne (Austr\u00e1lia), Nova York (EUA), Paris (Fran\u00e7a), Seoul (Coreia do Sul) e Tokyo (Jap\u00e3o) tamb\u00e9m participar\u00e3o das intera\u00e7\u00f5es de v\u00eddeo ao vivo. Para conferir a programa\u00e7\u00e3o completa e todos os locais participantes, acesse <span id=\"OBJ_PREFIX_DWT3835_com_zimbra_url\" class=\"Object\" role=\"link\"><span id=\"OBJ_PREFIX_DWT3849_com_zimbra_url\" class=\"Object\" role=\"link\"><a href=\"https:\/\/yenorzalelaqugeiyrein.i-mpr.com\/link.php?code=bDpodHRwJTNBJTJGJTJGdHdlZXR1cHMud2ViZmxvdy5pbyUyRjo0MTgyMzcxNzM6dmVyYWJhdGlzdGEuZGZAZGFici5jb20uYnI6M2JjMmEy\" target=\"_blank\" rel=\"noopener\">aqui<\/a><\/span><\/span>..<\/p>\n<p><strong>Servi\u00e7o<\/strong><br \/>\nData: 25 de julho a 4 de agosto<br \/>\nLocal: Av. Paulista, 1230, Bela Vista &#8211; S\u00e3o Paulo (em frente ao Shopping Cidade S\u00e3o Paulo)<br \/>\nHor\u00e1rio: das 10h \u00e0s 21h (a depender da programa\u00e7\u00e3o de cada dia)<br \/>\nParticipa\u00e7\u00e3o gratuita e aberta ao p\u00fablico<\/p>\n","protected":false},"excerpt":{"rendered":"<p>A experi\u00eancia, chamada #Tweetups, acontecer\u00e1 na Av. Paulista, em S\u00e3o Paulo, de 25 de julho a 4 de agosto O Twitter lan\u00e7a hoje (25), em parceria com a Shared Studios (@SharedStudios), uma experi\u00eancia \u00fanica para que pessoas do mundo inteiro possam se conectar em tempo real e engajar em conversas ricas sobre assuntos de interesse. At\u00e9 o dia 4 de [&hellip;]<\/p>\n","protected":false},"author":27,"featured_media":0,"comment_status":"open","ping_status":"closed","sticky":false,"template":"","format":"standard","meta":{"footnotes":""},"categories":[2719],"tags":[15776,15774,5286,15775,1412,5319,2767,15779,15778,15780,694,1472,5503,15777,9989,4426,10454],"class_list":["post-13306","post","type-post","status-publish","format-standard","hentry","category-servidor","tag-tweetups","tag-ativacao","tag-barreiras","tag-conectar","tag-conversas","tag-encontros","tag-fronteiras","tag-geografia","tag-globo","tag-interativo","tag-interesse","tag-mundo","tag-pessoas","tag-simultaneas","tag-tempo-real","tag-twitter","tag-virtuais"],"_links":{"self":[{"href":"https:\/\/blogs.correiobraziliense.com.br\/servidor\/wp-json\/wp\/v2\/posts\/13306","targetHints":{"allow":["GET"]}}],"collection":[{"href":"https:\/\/blogs.correiobraziliense.com.br\/servidor\/wp-json\/wp\/v2\/posts"}],"about":[{"href":"https:\/\/blogs.correiobraziliense.com.br\/servidor\/wp-json\/wp\/v2\/types\/post"}],"author":[{"embeddable":true,"href":"https:\/\/blogs.correiobraziliense.com.br\/servidor\/wp-json\/wp\/v2\/users\/27"}],"replies":[{"embeddable":true,"href":"https:\/\/blogs.correiobraziliense.com.br\/servidor\/wp-json\/wp\/v2\/comments?post=13306"}],"version-history":[{"count":1,"href":"https:\/\/blogs.correiobraziliense.com.br\/servidor\/wp-json\/wp\/v2\/posts\/13306\/revisions"}],"predecessor-version":[{"id":13307,"href":"https:\/\/blogs.correiobraziliense.com.br\/servidor\/wp-json\/wp\/v2\/posts\/13306\/revisions\/13307"}],"wp:attachment":[{"href":"https:\/\/blogs.correiobraziliense.com.br\/servidor\/wp-json\/wp\/v2\/media?parent=13306"}],"wp:term":[{"taxonomy":"category","embeddable":true,"href":"https:\/\/blogs.correiobraziliense.com.br\/servidor\/wp-json\/wp\/v2\/categories?post=13306"},{"taxonomy":"post_tag","embeddable":true,"href":"https:\/\/blogs.correiobraziliense.com.br\/servidor\/wp-json\/wp\/v2\/tags?post=13306"}],"curies":[{"name":"wp","href":"https:\/\/api.w.org\/{rel}","templated":true}]}}