{"id":13298,"date":"2019-07-24T17:42:29","date_gmt":"2019-07-24T20:42:29","guid":{"rendered":"https:\/\/blogs.correiobraziliense.com.br\/servidor\/?p=13298"},"modified":"2019-07-24T17:59:30","modified_gmt":"2019-07-24T20:59:30","slug":"presidente-da-unafisco-contesta-alerta-do-ministerio-da-economia-sobre-a-nova-previdencia","status":"publish","type":"post","link":"https:\/\/blogs.correiobraziliense.com.br\/servidor\/presidente-da-unafisco-contesta-alerta-do-ministerio-da-economia-sobre-a-nova-previdencia\/","title":{"rendered":"Presidente da Unafisco contesta alerta do Minist\u00e9rio da Economia sobre a nova Previd\u00eancia"},"content":{"rendered":"<p><em>Mauro Silva, presidente da Unafisco, em resposta\u00a0 ao<a href=\"https:\/\/blogs.correiobraziliense.com.br\/servidor\/ministerio-esclarece-servidores-sobre-direito-adquirido-e-nova-previdencia\/\"> alerta da Secretaria Especial de Previd\u00eancia<\/a> e Trabalho, do Minist\u00e9rio da Economia, garante que a PEC 06\/2019, da reforma da Previd\u00eancia, retira direitos adquiridos. Ele explica que os argumentos do governo &#8220;s\u00e3o falsos&#8221;<\/em><\/p>\n<p><iframe loading=\"lazy\" title=\"Diretor da Unafisco debate com Secret\u00e1rio da Previd\u00eancia no Senado e diz que usam argumentos falsos\" width=\"1440\" height=\"810\" src=\"https:\/\/www.youtube.com\/embed\/-2yuAT585tc?start=3&amp;feature=oembed\" frameborder=\"0\" allow=\"accelerometer; autoplay; clipboard-write; encrypted-media; gyroscope; picture-in-picture; web-share\" referrerpolicy=\"strict-origin-when-cross-origin\" allowfullscreen><\/iframe><\/p>\n<p>O presidente da Associa\u00e7\u00e3o Nacional dos Auditores Fiscais da Receita Federal (Unafisco), Mauro Silva, diz que as explica\u00e7\u00f5es do Minist\u00e9rio da Fazenda n\u00e3o fazem sentido. Ele ressalta que, na PEC 06\/2019, h\u00e1 afirma\u00e7\u00e3o clara de que direitos adquiridos n\u00e3o ser\u00e3o respeitados, principalmente, nos casos de abono de perman\u00eancia, de contagem rec\u00edproca sem contribui\u00e7\u00e3o e das vantagens vari\u00e1veis.<\/p>\n<p>\u201cO abono de perman\u00eancia de quem j\u00e1 recebe pode ser reduzido com nova lei federal que trate do assunto. Segundo o \u00a719 do art. 40 que est\u00e1 na PEC, se a nova lei disser que \u00e9 metade da contribui\u00e7\u00e3o previdenci\u00e1ria, aqueles que j\u00e1 vinham recebendo passar\u00e3o a receber metade Est\u00e1 l\u00e1. O art. 25, \u00a73\u00ba prev\u00ea a nulidade de aposentadoria j\u00e1 concedida. Isso \u00e9 respeitar direito adquirido?\u201d, questiona Mauro Silva.<\/p>\n<p>Ele cita tamb\u00e9m o art. 4\u00ba, \u00a78\u00ba, inciso II, que permite uma quebra indireta da paridade mesmo para os aposentados, na medida em que estabelece que s\u00f3 vai para a remunera\u00e7\u00e3o as vantagens vari\u00e1veis que tiveram desconto da Previd\u00eancia no passado. \u201cSe hoje algu\u00e9m recebe na aposentadoria valor referente a gratifica\u00e7\u00e3o que nunca recebeu na ativa, esse dispositivo autoriza a n\u00e3o pagar. Pergunto novamente: est\u00e1 respeitando direito adquirido?\u201d.<\/p>\n<p>O presidente da Unafisco aponta, ainda, que a proposta quer autorizar a extin\u00e7\u00e3o for\u00e7ada (inciso I do \u00a722 do art. 40) do regime pr\u00f3prio de previd\u00eancia dos servidores, inclusive os da Uni\u00e3o (RPPS), sem que isso nunca tenha sido abertamente discutido com a sociedade, artif\u00edcio que muita gente n\u00e3o percebeu. \u201cNo dia da vota\u00e7\u00e3o de primeiro turno eu conversei com o l\u00edder da maioria, deputado Aguinaldo Ribeiro, e com o l\u00edder do MDB, deputado Baleia Rossi. At\u00e9 eles desconheciam o alcance desse dispositivo\u201d, refor\u00e7a.<\/p>\n<p>&nbsp;<\/p>\n","protected":false},"excerpt":{"rendered":"<p>Mauro Silva, presidente da Unafisco, em resposta\u00a0 ao alerta da Secretaria Especial de Previd\u00eancia e Trabalho, do Minist\u00e9rio da Economia, garante que a PEC 06\/2019, da reforma da Previd\u00eancia, retira direitos adquiridos. Ele explica que os argumentos do governo &#8220;s\u00e3o falsos&#8221; O presidente da Associa\u00e7\u00e3o Nacional dos Auditores Fiscais da Receita Federal (Unafisco), Mauro Silva, diz que as explica\u00e7\u00f5es do [&hellip;]<\/p>\n","protected":false},"author":27,"featured_media":0,"comment_status":"open","ping_status":"closed","sticky":false,"template":"","format":"standard","meta":{"footnotes":""},"categories":[2719],"tags":[10634,6536,138,4966,131,619,2114,14327,14987,14771,711,588,2019,3823,2923,8482],"class_list":["post-13298","post","type-post","status-publish","format-standard","hentry","category-servidor","tag-abono-de-permanencia","tag-adquiridos","tag-alerta","tag-contagem","tag-contribuicao","tag-direitos","tag-extincao","tag-ministerio-da-economia","tag-nova-previdencia","tag-pec-06-2019","tag-reforma","tag-rpps","tag-tempo","tag-unafisco","tag-vantagens","tag-variaveis"],"_links":{"self":[{"href":"https:\/\/blogs.correiobraziliense.com.br\/servidor\/wp-json\/wp\/v2\/posts\/13298","targetHints":{"allow":["GET"]}}],"collection":[{"href":"https:\/\/blogs.correiobraziliense.com.br\/servidor\/wp-json\/wp\/v2\/posts"}],"about":[{"href":"https:\/\/blogs.correiobraziliense.com.br\/servidor\/wp-json\/wp\/v2\/types\/post"}],"author":[{"embeddable":true,"href":"https:\/\/blogs.correiobraziliense.com.br\/servidor\/wp-json\/wp\/v2\/users\/27"}],"replies":[{"embeddable":true,"href":"https:\/\/blogs.correiobraziliense.com.br\/servidor\/wp-json\/wp\/v2\/comments?post=13298"}],"version-history":[{"count":4,"href":"https:\/\/blogs.correiobraziliense.com.br\/servidor\/wp-json\/wp\/v2\/posts\/13298\/revisions"}],"predecessor-version":[{"id":13302,"href":"https:\/\/blogs.correiobraziliense.com.br\/servidor\/wp-json\/wp\/v2\/posts\/13298\/revisions\/13302"}],"wp:attachment":[{"href":"https:\/\/blogs.correiobraziliense.com.br\/servidor\/wp-json\/wp\/v2\/media?parent=13298"}],"wp:term":[{"taxonomy":"category","embeddable":true,"href":"https:\/\/blogs.correiobraziliense.com.br\/servidor\/wp-json\/wp\/v2\/categories?post=13298"},{"taxonomy":"post_tag","embeddable":true,"href":"https:\/\/blogs.correiobraziliense.com.br\/servidor\/wp-json\/wp\/v2\/tags?post=13298"}],"curies":[{"name":"wp","href":"https:\/\/api.w.org\/{rel}","templated":true}]}}