{"id":1329,"date":"2016-03-19T18:10:36","date_gmt":"2016-03-19T21:10:36","guid":{"rendered":"https:\/\/blogs.correiobraziliense.com.br\/servidor\/?p=1329"},"modified":"2016-03-19T18:10:36","modified_gmt":"2016-03-19T21:10:36","slug":"administrativos-da-receita-tambem-querem-bonus-de-eficiencia","status":"publish","type":"post","link":"https:\/\/blogs.correiobraziliense.com.br\/servidor\/administrativos-da-receita-tambem-querem-bonus-de-eficiencia\/","title":{"rendered":"ADMINISTRATIVOS DA RECEITA TAMB\u00c9M QUEREM B\u00d4NUS DE EFICI\u00caNCIA"},"content":{"rendered":"<p>As discuss\u00f5es sobre o b\u00f4nus de efici\u00eancia, que est\u00e1 sendo negociado entre governo, auditores fiscais e analistas tribut\u00e1rios da Receita Federal, podem tomar propor\u00e7\u00f5es maiores do que as partes imaginavam. Os administrativos do Fisco tamb\u00e9m querem participar do bolo. Na sexta-feira (18), o representante regional de Sergipe do Sindicato Nacional dos Servidores Administrativos do Minist\u00e9rio da Fazenda (SindFazenda\/SE), Jorgival Silve, entregou ao delegado da Receita Federal do Brasil (RFB\/SE), Malrton Chagas, em Aracaju, uma mo\u00e7\u00e3o de repudio \u00e0 exclus\u00e3o dos servidores do Plano Especial de Cargos do Minist\u00e9rio da Fazenda (Pecfaz) do b\u00f4nus efici\u00eancia. A iniciativa contou com o apoio do presidente do SindFazenda, Luiz Roberto da Silva.<\/p>\n<p>Segundo den\u00fancias de outras carreiras de Estado, at\u00e9 2019, os auditores v\u00e3o inflar suas remunera\u00e7\u00f5es em 40%, com o reajuste salarial de 21,3% e o b\u00f4nus de efici\u00eancia de R$ 3 mil por m\u00eas, a partir de agosto. Os analistas receber\u00e3o, no per\u00edodo, R$ 1,8 mil mensais. Essas quantias valem apenas para esse ano, pois o valor a ser distribu\u00eddo depender\u00e1 do montante arrecadado pelo Fundo Especial de Desenvolvimento das Atividades de Fiscaliza\u00e7\u00e3o (Fundaf), com multas e leil\u00f5es de mercadorias apreendidas. H\u00e1 previs\u00f5es de que possa ultrapassar os R$ 9 mil mensais.<\/p>\n<p>Nesse ritmo, o descontrole no Or\u00e7amento da Uni\u00e3o, apenas com sal\u00e1rios, chegar\u00e1 a dimens\u00f5es imprevis\u00edveis. Basta lembrar que os advogados federais j\u00e1 conseguiram o mesmo valor mensal que os auditores fiscais. Os auditores do Trabalho detalham as fontes do fundo para o seu quinh\u00e3o, j\u00e1 que n\u00e3o podem usar o dos colegas domadores do Le\u00e3o. Por isso, o Sinait, que foi deixado de lado pelos arrecadadores devido a uma briga dom\u00e9stica sobre atribui\u00e7\u00f5es, negocia com a Secretaria de Inspe\u00e7\u00e3o do Trabalho (SIT) a cria\u00e7\u00e3o de fundo espec\u00edfico, por lei a ser aprovada pelo Congresso Nacional.<\/p>\n<p>Analistas e t\u00e9cnicos de finan\u00e7as e controle querem retornar \u00e0 mesa de negocia\u00e7\u00e3o do Planejamento para resgatar a diferen\u00e7a entre os 27,9% que acordaram e os 40% e sugerem a cria\u00e7\u00e3o de uma taxa de 0,01% de corretagem dos t\u00edtulos p\u00fablicos ou ainda um percentual dos dividendos das empresas estatais. Os funcion\u00e1rios do Banco Central tamb\u00e9m est\u00e3o insatisfeitos e querem renegociar. Basta lembrar que oito carreiras do topo da pir\u00e2mide do funcionalismo protocolaram, no \u00faltimo dia 10 de mar\u00e7o, um of\u00edcio para pedir explica\u00e7\u00f5es sobre a estrat\u00e9gia diferenciada que o governo vem adotando com uns poucos e exigir do secret\u00e1rio de Rela\u00e7\u00f5es do Trabalho, S\u00e9rgio Mendon\u00e7a, o mesmo tratamento.<\/p>\n<p>&nbsp;<\/p>\n","protected":false},"excerpt":{"rendered":"<p>As discuss\u00f5es sobre o b\u00f4nus de efici\u00eancia, que est\u00e1 sendo negociado entre governo, auditores fiscais e analistas tribut\u00e1rios da Receita Federal, podem tomar propor\u00e7\u00f5es maiores do que as partes imaginavam. Os administrativos do Fisco tamb\u00e9m querem participar do bolo. Na sexta-feira (18), o representante regional de Sergipe do Sindicato Nacional dos Servidores Administrativos do Minist\u00e9rio da Fazenda (SindFazenda\/SE), Jorgival Silve, [&hellip;]<\/p>\n","protected":false},"author":27,"featured_media":0,"comment_status":"open","ping_status":"closed","sticky":false,"template":"","format":"standard","meta":{"footnotes":""},"categories":[1],"tags":[],"class_list":["post-1329","post","type-post","status-publish","format-standard","hentry","category-sem-categoria"],"_links":{"self":[{"href":"https:\/\/blogs.correiobraziliense.com.br\/servidor\/wp-json\/wp\/v2\/posts\/1329","targetHints":{"allow":["GET"]}}],"collection":[{"href":"https:\/\/blogs.correiobraziliense.com.br\/servidor\/wp-json\/wp\/v2\/posts"}],"about":[{"href":"https:\/\/blogs.correiobraziliense.com.br\/servidor\/wp-json\/wp\/v2\/types\/post"}],"author":[{"embeddable":true,"href":"https:\/\/blogs.correiobraziliense.com.br\/servidor\/wp-json\/wp\/v2\/users\/27"}],"replies":[{"embeddable":true,"href":"https:\/\/blogs.correiobraziliense.com.br\/servidor\/wp-json\/wp\/v2\/comments?post=1329"}],"version-history":[{"count":1,"href":"https:\/\/blogs.correiobraziliense.com.br\/servidor\/wp-json\/wp\/v2\/posts\/1329\/revisions"}],"predecessor-version":[{"id":1330,"href":"https:\/\/blogs.correiobraziliense.com.br\/servidor\/wp-json\/wp\/v2\/posts\/1329\/revisions\/1330"}],"wp:attachment":[{"href":"https:\/\/blogs.correiobraziliense.com.br\/servidor\/wp-json\/wp\/v2\/media?parent=1329"}],"wp:term":[{"taxonomy":"category","embeddable":true,"href":"https:\/\/blogs.correiobraziliense.com.br\/servidor\/wp-json\/wp\/v2\/categories?post=1329"},{"taxonomy":"post_tag","embeddable":true,"href":"https:\/\/blogs.correiobraziliense.com.br\/servidor\/wp-json\/wp\/v2\/tags?post=1329"}],"curies":[{"name":"wp","href":"https:\/\/api.w.org\/{rel}","templated":true}]}}