{"id":13289,"date":"2019-07-24T15:00:04","date_gmt":"2019-07-24T18:00:04","guid":{"rendered":"https:\/\/blogs.correiobraziliense.com.br\/servidor\/?p=13289"},"modified":"2019-07-24T15:00:04","modified_gmt":"2019-07-24T18:00:04","slug":"reforma-tributaria-solidaria-internacional","status":"publish","type":"post","link":"https:\/\/blogs.correiobraziliense.com.br\/servidor\/reforma-tributaria-solidaria-internacional\/","title":{"rendered":"Reforma Tribut\u00e1ria Solid\u00e1ria internacional"},"content":{"rendered":"<p><em>Liderada pela Federa\u00e7\u00e3o Nacional do Fisco Estadual e Distrital (Fenafisco) e pela Associa\u00e7\u00e3o Nacional dos Auditores Fiscais da Receita Federal do Brasil (Anfip), a Reforma Tribut\u00e1ria Solid\u00e1ria (RTS), ser\u00e1 apresentada pelo diretor da Fenafisco, Francelino Valen\u00e7a, no Semin\u00e1rio Justi\u00e7a Fiscal na Am\u00e9rica Latina. O evento promovido pela Federa\u00e7\u00e3o Global (PSI) ser\u00e1 no dia 26 de julho, \u00e0s 9h, no Hotel Excelsior, em Assun\u00e7\u00e3o, no Paraguai<\/em><\/p>\n<p>A RTS, que j\u00e1 vem sendo discutida como a \u00fanica alternativa de reforma tribut\u00e1ria que enfrenta a quest\u00e3o da regressividade, reuniu especialistas para dissecar e apontar solu\u00e7\u00f5es para transformar o sistema tribut\u00e1rio em instrumento de redu\u00e7\u00e3o da desigualdade. A ideia principal da iniciativa consiste na defesa da redu\u00e7\u00e3o de tributos sobre o consumo de bens e servi\u00e7os, compensada pelo aumento na tributa\u00e7\u00e3o da renda de pessoa f\u00edsica para quem ganha acima de 40 sal\u00e1rios m\u00ednimos mensais.<\/p>\n","protected":false},"excerpt":{"rendered":"<p>Liderada pela Federa\u00e7\u00e3o Nacional do Fisco Estadual e Distrital (Fenafisco) e pela Associa\u00e7\u00e3o Nacional dos Auditores Fiscais da Receita Federal do Brasil (Anfip), a Reforma Tribut\u00e1ria Solid\u00e1ria (RTS), ser\u00e1 apresentada pelo diretor da Fenafisco, Francelino Valen\u00e7a, no Semin\u00e1rio Justi\u00e7a Fiscal na Am\u00e9rica Latina. O evento promovido pela Federa\u00e7\u00e3o Global (PSI) ser\u00e1 no dia 26 de julho, \u00e0s 9h, no Hotel [&hellip;]<\/p>\n","protected":false},"author":27,"featured_media":0,"comment_status":"open","ping_status":"closed","sticky":false,"template":"","format":"standard","meta":{"footnotes":""},"categories":[2719],"tags":[771,6115,4320,1071,4363,13654,15772,15770,15771,1360],"class_list":["post-13289","post","type-post","status-publish","format-standard","hentry","category-servidor","tag-anfip","tag-desigualdade","tag-fenafisco","tag-internacional","tag-psi","tag-reforma-tributaria-solidaria","tag-regressividde","tag-rts","tag-seminario-justica-fiscal-na-america-latina","tag-solucoes"],"_links":{"self":[{"href":"https:\/\/blogs.correiobraziliense.com.br\/servidor\/wp-json\/wp\/v2\/posts\/13289","targetHints":{"allow":["GET"]}}],"collection":[{"href":"https:\/\/blogs.correiobraziliense.com.br\/servidor\/wp-json\/wp\/v2\/posts"}],"about":[{"href":"https:\/\/blogs.correiobraziliense.com.br\/servidor\/wp-json\/wp\/v2\/types\/post"}],"author":[{"embeddable":true,"href":"https:\/\/blogs.correiobraziliense.com.br\/servidor\/wp-json\/wp\/v2\/users\/27"}],"replies":[{"embeddable":true,"href":"https:\/\/blogs.correiobraziliense.com.br\/servidor\/wp-json\/wp\/v2\/comments?post=13289"}],"version-history":[{"count":1,"href":"https:\/\/blogs.correiobraziliense.com.br\/servidor\/wp-json\/wp\/v2\/posts\/13289\/revisions"}],"predecessor-version":[{"id":13290,"href":"https:\/\/blogs.correiobraziliense.com.br\/servidor\/wp-json\/wp\/v2\/posts\/13289\/revisions\/13290"}],"wp:attachment":[{"href":"https:\/\/blogs.correiobraziliense.com.br\/servidor\/wp-json\/wp\/v2\/media?parent=13289"}],"wp:term":[{"taxonomy":"category","embeddable":true,"href":"https:\/\/blogs.correiobraziliense.com.br\/servidor\/wp-json\/wp\/v2\/categories?post=13289"},{"taxonomy":"post_tag","embeddable":true,"href":"https:\/\/blogs.correiobraziliense.com.br\/servidor\/wp-json\/wp\/v2\/tags?post=13289"}],"curies":[{"name":"wp","href":"https:\/\/api.w.org\/{rel}","templated":true}]}}