{"id":13285,"date":"2019-07-24T14:26:22","date_gmt":"2019-07-24T17:26:22","guid":{"rendered":"https:\/\/blogs.correiobraziliense.com.br\/servidor\/?p=13285"},"modified":"2019-07-24T14:26:22","modified_gmt":"2019-07-24T17:26:22","slug":"mpt-lanca-nesta-quinta-feira-25-observatorio-da-prevencao-e-erradicacao-do-trabalho-infantil","status":"publish","type":"post","link":"https:\/\/blogs.correiobraziliense.com.br\/servidor\/mpt-lanca-nesta-quinta-feira-25-observatorio-da-prevencao-e-erradicacao-do-trabalho-infantil\/","title":{"rendered":"MPT lan\u00e7a nesta quinta-feira (25) Observat\u00f3rio da Preven\u00e7\u00e3o e Erradica\u00e7\u00e3o do Trabalho Infantil"},"content":{"rendered":"<p><em>Ferramenta cruza dados p\u00fablicos e permite planejamento de pol\u00edticas de preven\u00e7\u00e3o e erradica\u00e7\u00e3o do trabalho infantil. Apresenta\u00e7\u00e3o ser\u00e1 \u00e0s 14h, na PGT, em Bras\u00edlia<\/em><\/p>\n<p>O Minist\u00e9rio P\u00fablico do Trabalho apresentar\u00e1, nesta quinta-feira (25), o Observat\u00f3rio da Preven\u00e7\u00e3o e Erradica\u00e7\u00e3o do Trabalho Infantil, ferramenta digital que cruza dados p\u00fablicos sobre o trabalho em idade precoce. O evento ser\u00e1 na Procuradoria Geral do Trabalho (PGT), em Bras\u00edlia, a partir das 14h.<\/p>\n<p>Entre as informa\u00e7\u00f5es que ser\u00e3o divulgadas est\u00e3o: a quantidade de crian\u00e7as e adolescentes que trabalham em atividades agropecu\u00e1rias, os n\u00fameros de acidentes de trabalho envolvendo essa parcela da popula\u00e7\u00e3o, os principais agentes causadores de acidentes e atividades econ\u00f4micas que mais registram ocorr\u00eancias com crian\u00e7as e adolescentes at\u00e9 17 anos.<\/p>\n<p>A exemplo do que j\u00e1 ocorre em rela\u00e7\u00e3o aos observat\u00f3rios do trabalho escravo e o de sa\u00fade e seguran\u00e7a do trabalho, tamb\u00e9m desenvolvidos em coopera\u00e7\u00e3o entre o MPT e a Organiza\u00e7\u00e3o Internacional do Trabalho (OIT), esta nova ferramenta permitir\u00e1 o mapeamento de ocorr\u00eancia do trabalho infantil por setor, \u00e1rea geogr\u00e1fica, faixa et\u00e1ria, entre outras vari\u00e1veis.<\/p>\n<p>Os dados do novo Observat\u00f3rio v\u00eam de reposit\u00f3rios p\u00fablicos e oficiais integrantes do Sistema Estat\u00edstico Nacional e abarcam informa\u00e7\u00f5es de pesquisas e levantamentos censit\u00e1rios do IBGE e das \u00e1reas da Educa\u00e7\u00e3o, Sa\u00fade, Trabalho e Previd\u00eancia Social, Justi\u00e7a, e Assist\u00eancia e Desenvolvimento Social.<\/p>\n<p>Servi\u00e7o:<\/p>\n<p><strong>Lan\u00e7amento do Observat\u00f3rio da Preven\u00e7\u00e3o e Erradica\u00e7\u00e3o do Trabalho Infantil<\/strong><\/p>\n<p>Quando: 25 de julho<\/p>\n<p>Hora: a partir das 14h<\/p>\n<p>Local: Audit\u00f3rio do segundo andar da Procuradoria Geral do Trabalho.<\/p>\n<p>SAUN Quadra 5, Lote C, Torre A \u2013 Bras\u00edlia- DF<\/p>\n","protected":false},"excerpt":{"rendered":"<p>Ferramenta cruza dados p\u00fablicos e permite planejamento de pol\u00edticas de preven\u00e7\u00e3o e erradica\u00e7\u00e3o do trabalho infantil. Apresenta\u00e7\u00e3o ser\u00e1 \u00e0s 14h, na PGT, em Bras\u00edlia O Minist\u00e9rio P\u00fablico do Trabalho apresentar\u00e1, nesta quinta-feira (25), o Observat\u00f3rio da Preven\u00e7\u00e3o e Erradica\u00e7\u00e3o do Trabalho Infantil, ferramenta digital que cruza dados p\u00fablicos sobre o trabalho em idade precoce. O evento ser\u00e1 na Procuradoria Geral [&hellip;]<\/p>\n","protected":false},"author":27,"featured_media":0,"comment_status":"open","ping_status":"closed","sticky":false,"template":"","format":"standard","meta":{"footnotes":""},"categories":[2719],"tags":[6528,463,4017,167,1420,3474,15769,11981,3,10851,8184],"class_list":["post-13285","post","type-post","status-publish","format-standard","hentry","category-servidor","tag-adolescentes","tag-atividades","tag-criancas","tag-dados","tag-ferramenta","tag-mpt","tag-observatorio-da-prevencao-e-erradicacao-do-trabalho-infantil","tag-pgt","tag-planejamento","tag-politicas-publicas","tag-precoce"],"_links":{"self":[{"href":"https:\/\/blogs.correiobraziliense.com.br\/servidor\/wp-json\/wp\/v2\/posts\/13285","targetHints":{"allow":["GET"]}}],"collection":[{"href":"https:\/\/blogs.correiobraziliense.com.br\/servidor\/wp-json\/wp\/v2\/posts"}],"about":[{"href":"https:\/\/blogs.correiobraziliense.com.br\/servidor\/wp-json\/wp\/v2\/types\/post"}],"author":[{"embeddable":true,"href":"https:\/\/blogs.correiobraziliense.com.br\/servidor\/wp-json\/wp\/v2\/users\/27"}],"replies":[{"embeddable":true,"href":"https:\/\/blogs.correiobraziliense.com.br\/servidor\/wp-json\/wp\/v2\/comments?post=13285"}],"version-history":[{"count":1,"href":"https:\/\/blogs.correiobraziliense.com.br\/servidor\/wp-json\/wp\/v2\/posts\/13285\/revisions"}],"predecessor-version":[{"id":13286,"href":"https:\/\/blogs.correiobraziliense.com.br\/servidor\/wp-json\/wp\/v2\/posts\/13285\/revisions\/13286"}],"wp:attachment":[{"href":"https:\/\/blogs.correiobraziliense.com.br\/servidor\/wp-json\/wp\/v2\/media?parent=13285"}],"wp:term":[{"taxonomy":"category","embeddable":true,"href":"https:\/\/blogs.correiobraziliense.com.br\/servidor\/wp-json\/wp\/v2\/categories?post=13285"},{"taxonomy":"post_tag","embeddable":true,"href":"https:\/\/blogs.correiobraziliense.com.br\/servidor\/wp-json\/wp\/v2\/tags?post=13285"}],"curies":[{"name":"wp","href":"https:\/\/api.w.org\/{rel}","templated":true}]}}