{"id":13239,"date":"2019-07-22T11:51:01","date_gmt":"2019-07-22T14:51:01","guid":{"rendered":"https:\/\/blogs.correiobraziliense.com.br\/servidor\/?p=13239"},"modified":"2019-07-22T11:51:01","modified_gmt":"2019-07-22T14:51:01","slug":"mocao-de-apoio-a-ricardo-galvao-diretor-do-inpe","status":"publish","type":"post","link":"https:\/\/blogs.correiobraziliense.com.br\/servidor\/mocao-de-apoio-a-ricardo-galvao-diretor-do-inpe\/","title":{"rendered":"Mo\u00e7\u00e3o de apoio a Ricardo Galv\u00e3o, diretor do Inpe"},"content":{"rendered":"<p><em>Entidades do F\u00f3rum de Ci\u00eancia e Tecnologia manifestaram rep\u00fadio \u00e0s declara\u00e7\u00f5es do presidente Jair Bolsonaro contra os dados de monitoramento ambiental e apoio ao diretor do Inpe, Ricardo Galv\u00e3o, que combateu a tentativa do presidente de &#8220;curvar o saber racional a seus projetos pol\u00edticos&#8221;<\/em><\/p>\n<p>Veja a nota:<\/p>\n<p>&#8220;O F\u00f3rum de C&amp;T, que congrega entidades representativas dos servidores das carreiras de Ci\u00eancia e Tecnologia de todo o pa\u00eds vinculadas a v\u00e1rios minist\u00e9rios, dentre elas o SindCT, que representa os servidores do Instituto Nacional de Pesquisas Espaciais (INPE), vem manifestar seu APOIO \u00e0s declara\u00e7\u00f5es do diretor daquele Instituto, Ricardo Galv\u00e3o, em rep\u00fadio ao presidente Jair Bolsonaro, que questionou os dados e as motiva\u00e7\u00f5es do INPE em seu trabalho de monitoramento ambiental.<\/p>\n<p>A fala do prof. Ricardo vem somar-se ao combate realizado pelas entidades do F\u00f3rum e outras representa\u00e7\u00f5es sindicais contra os constantes ataques do presidente e seus auxiliares a institui\u00e7\u00f5es de ensino, ci\u00eancia e tecnologia, sempre que contrariados em seus interesses, em uma absurda tentativa de curvar o saber racional a seus projetos pol\u00edticos. continuamente, institui\u00e7\u00f5es respeitadas internacionalmente como o IBGE, a Fiocruz e as Universidades, dentre outras, v\u00eam sendo alvo do governo, que deveria fortalec\u00ea-las como centros estrat\u00e9gicos de produ\u00e7\u00e3o de saber. A resposta de Ricardo Galv\u00e3o contempla a todas e todos que querem do governo, no m\u00ednimo, o respeito republicano \u00e0s institui\u00e7\u00f5es e servidores que comanda.<\/p>\n<p>O destempero do presidente \u00e9 clara representa\u00e7\u00e3o de seu desrespeito \u00e0 Ci\u00eancia e Tecnologia e de sua pol\u00edtica de desmanche da \u00e1rea, que toma forma mais clara na falta de investimentos institucionais e na aus\u00eancia de uma pol\u00edtica de reposi\u00e7\u00e3o de m\u00e3o-de-obra via concursos p\u00fablicos. Com isso o governo deixa claro sua op\u00e7\u00e3o ideol\u00f3gica pela subservi\u00eancia do Brasil \u00e0 produ\u00e7\u00e3o cient\u00edfica estrangeira, apostando na destrui\u00e7\u00e3o da rede de Ci\u00eancia e Tecnologia nacional como pol\u00edtica p\u00fablica.<\/p>\n<p>O Forum de C&amp;T entende que n\u00e3o h\u00e1 sa\u00edda para a crise e para um futuro soberano para o pa\u00eds que n\u00e3o passe pelo fortalecimento das estruturas nacionais de pesquisa e desenvolvimento cient\u00edfico e tecnol\u00f3gico. Nesse sentido saudamos a fala do prof. Ricardo, por entender que ela se junta \u00e0 nossa luta em defesa da C&amp;T como fator indispens\u00e1vel \u00e0 constru\u00e7\u00e3o de uma na\u00e7\u00e3o soberana e aut\u00f4noma.&#8221;<\/p>\n","protected":false},"excerpt":{"rendered":"<p>Entidades do F\u00f3rum de Ci\u00eancia e Tecnologia manifestaram rep\u00fadio \u00e0s declara\u00e7\u00f5es do presidente Jair Bolsonaro contra os dados de monitoramento ambiental e apoio ao diretor do Inpe, Ricardo Galv\u00e3o, que combateu a tentativa do presidente de &#8220;curvar o saber racional a seus projetos pol\u00edticos&#8221; Veja a nota: &#8220;O F\u00f3rum de C&amp;T, que congrega entidades representativas dos servidores das carreiras de [&hellip;]<\/p>\n","protected":false},"author":27,"featured_media":0,"comment_status":"open","ping_status":"closed","sticky":false,"template":"","format":"standard","meta":{"footnotes":""},"categories":[2719],"tags":[9386,164,9127,23,1274,8833,15739,15740,15741,1008,13649,6751,81,8387,58,15742],"class_list":["post-13239","post","type-post","status-publish","format-standard","hentry","category-servidor","tag-ambiental","tag-brasil","tag-ciencia-e-tecnologia","tag-concursos","tag-declaracao","tag-desmanche","tag-forum-de-ct","tag-inpe","tag-instituto-nacional-de-pesquisas-espaciais","tag-investimentos","tag-jair-bolsonaro","tag-monitoramento","tag-presidente","tag-saber","tag-servidores","tag-subserviencia"],"_links":{"self":[{"href":"https:\/\/blogs.correiobraziliense.com.br\/servidor\/wp-json\/wp\/v2\/posts\/13239","targetHints":{"allow":["GET"]}}],"collection":[{"href":"https:\/\/blogs.correiobraziliense.com.br\/servidor\/wp-json\/wp\/v2\/posts"}],"about":[{"href":"https:\/\/blogs.correiobraziliense.com.br\/servidor\/wp-json\/wp\/v2\/types\/post"}],"author":[{"embeddable":true,"href":"https:\/\/blogs.correiobraziliense.com.br\/servidor\/wp-json\/wp\/v2\/users\/27"}],"replies":[{"embeddable":true,"href":"https:\/\/blogs.correiobraziliense.com.br\/servidor\/wp-json\/wp\/v2\/comments?post=13239"}],"version-history":[{"count":1,"href":"https:\/\/blogs.correiobraziliense.com.br\/servidor\/wp-json\/wp\/v2\/posts\/13239\/revisions"}],"predecessor-version":[{"id":13240,"href":"https:\/\/blogs.correiobraziliense.com.br\/servidor\/wp-json\/wp\/v2\/posts\/13239\/revisions\/13240"}],"wp:attachment":[{"href":"https:\/\/blogs.correiobraziliense.com.br\/servidor\/wp-json\/wp\/v2\/media?parent=13239"}],"wp:term":[{"taxonomy":"category","embeddable":true,"href":"https:\/\/blogs.correiobraziliense.com.br\/servidor\/wp-json\/wp\/v2\/categories?post=13239"},{"taxonomy":"post_tag","embeddable":true,"href":"https:\/\/blogs.correiobraziliense.com.br\/servidor\/wp-json\/wp\/v2\/tags?post=13239"}],"curies":[{"name":"wp","href":"https:\/\/api.w.org\/{rel}","templated":true}]}}