{"id":13219,"date":"2019-07-18T20:10:50","date_gmt":"2019-07-18T23:10:50","guid":{"rendered":"https:\/\/blogs.correiobraziliense.com.br\/servidor\/?p=13219"},"modified":"2019-07-18T20:10:50","modified_gmt":"2019-07-18T23:10:50","slug":"inscricoes-para-conselheiros-do-cnj","status":"publish","type":"post","link":"https:\/\/blogs.correiobraziliense.com.br\/servidor\/inscricoes-para-conselheiros-do-cnj\/","title":{"rendered":"Inscri\u00e7\u00f5es para conselheiros do CNJ"},"content":{"rendered":"<p><em>O Supremo Tribunal Federal (STF) abriu as inscri\u00e7\u00f5es para vagas de conselheiros no Conselho Nacional de Justi\u00e7a (CNJ) para desembargador de Tribunal de Justi\u00e7a e a juiz estadual. O mandato dos atuais ocupantes das vagas se encerra em outubro pr\u00f3ximo<\/em><\/p>\n<p>O ministro Dias Toffol, presidente do STF e do CNJ, comunicou a abertura das vagas, na \u00faltima ter\u00e7a-feira (16), por edital publicado no Di\u00e1rio da Justi\u00e7a Eletr\u00f4nico. O prazo de inscri\u00e7\u00e3o \u00e9 de dez dias a partir da meia noite de quarta-feira (17).<\/p>\n<p>Os interessados devem encaminhar curr\u00edculos por meio de link no portal do STF. Ap\u00f3s o prazo, a presid\u00eancia do STF colocar\u00e1 os curr\u00edculos \u00e0 disposi\u00e7\u00e3o dos ministros e convocar\u00e1 sess\u00e3o administrativa para a escolha dos nomes. A lista dos magistrados inscritos e os respectivos curr\u00edculos ser\u00e1 divulgada no site da Corte.<\/p>\n<p>De acordo com o artigo 103-B, incisos IV e V, da Constitui\u00e7\u00e3o da Rep\u00fablica, cabe ao STF indicar um desembargador de TJ e um juiz estadual para compor o CNJ, e o procedimento de indica\u00e7\u00e3o \u00e9 previsto na Resolu\u00e7\u00e3o 503\/2013 do STF.<\/p>\n<p>&nbsp;<\/p>\n","protected":false},"excerpt":{"rendered":"<p>O Supremo Tribunal Federal (STF) abriu as inscri\u00e7\u00f5es para vagas de conselheiros no Conselho Nacional de Justi\u00e7a (CNJ) para desembargador de Tribunal de Justi\u00e7a e a juiz estadual. O mandato dos atuais ocupantes das vagas se encerra em outubro pr\u00f3ximo O ministro Dias Toffol, presidente do STF e do CNJ, comunicou a abertura das vagas, na \u00faltima ter\u00e7a-feira (16), por [&hellip;]<\/p>\n","protected":false},"author":27,"featured_media":0,"comment_status":"open","ping_status":"closed","sticky":false,"template":"","format":"standard","meta":{"footnotes":""},"categories":[2719],"tags":[254,4267,5182,976,3305,2165,781,429,986,621,5026,33,34],"class_list":["post-13219","post","type-post","status-publish","format-standard","hentry","category-servidor","tag-cnj","tag-conselheiros","tag-curriculos","tag-desembargador","tag-estadual","tag-indicacao","tag-inscricoes","tag-juiz","tag-lista","tag-magistrados","tag-mandato","tag-ministros","tag-stf"],"_links":{"self":[{"href":"https:\/\/blogs.correiobraziliense.com.br\/servidor\/wp-json\/wp\/v2\/posts\/13219","targetHints":{"allow":["GET"]}}],"collection":[{"href":"https:\/\/blogs.correiobraziliense.com.br\/servidor\/wp-json\/wp\/v2\/posts"}],"about":[{"href":"https:\/\/blogs.correiobraziliense.com.br\/servidor\/wp-json\/wp\/v2\/types\/post"}],"author":[{"embeddable":true,"href":"https:\/\/blogs.correiobraziliense.com.br\/servidor\/wp-json\/wp\/v2\/users\/27"}],"replies":[{"embeddable":true,"href":"https:\/\/blogs.correiobraziliense.com.br\/servidor\/wp-json\/wp\/v2\/comments?post=13219"}],"version-history":[{"count":1,"href":"https:\/\/blogs.correiobraziliense.com.br\/servidor\/wp-json\/wp\/v2\/posts\/13219\/revisions"}],"predecessor-version":[{"id":13220,"href":"https:\/\/blogs.correiobraziliense.com.br\/servidor\/wp-json\/wp\/v2\/posts\/13219\/revisions\/13220"}],"wp:attachment":[{"href":"https:\/\/blogs.correiobraziliense.com.br\/servidor\/wp-json\/wp\/v2\/media?parent=13219"}],"wp:term":[{"taxonomy":"category","embeddable":true,"href":"https:\/\/blogs.correiobraziliense.com.br\/servidor\/wp-json\/wp\/v2\/categories?post=13219"},{"taxonomy":"post_tag","embeddable":true,"href":"https:\/\/blogs.correiobraziliense.com.br\/servidor\/wp-json\/wp\/v2\/tags?post=13219"}],"curies":[{"name":"wp","href":"https:\/\/api.w.org\/{rel}","templated":true}]}}