{"id":13217,"date":"2019-07-18T18:25:39","date_gmt":"2019-07-18T21:25:39","guid":{"rendered":"https:\/\/blogs.correiobraziliense.com.br\/servidor\/?p=13217"},"modified":"2019-07-18T18:25:39","modified_gmt":"2019-07-18T21:25:39","slug":"icmc-usp-inscricoes-para-o-simposio-de-matematica-para-a-graduacao","status":"publish","type":"post","link":"https:\/\/blogs.correiobraziliense.com.br\/servidor\/icmc-usp-inscricoes-para-o-simposio-de-matematica-para-a-graduacao\/","title":{"rendered":"ICMC\/USP &#8211; Inscri\u00e7\u00f5es para o Simp\u00f3sio de Matem\u00e1tica para a Gradua\u00e7\u00e3o"},"content":{"rendered":"<p><em>Evento \u00e9 oportunidade para alunos de gradua\u00e7\u00e3o apresentarem seus primeiros trabalhos acad\u00eamicos, discutirem os rumos da \u00e1rea e ampliarem conhecimentos. Inscri\u00e7\u00f5es antecipadas at\u00e9 11 de agosto no site do evento, no valor de R$ 14,75. Ap\u00f3s essa data, as inscri\u00e7\u00f5es ser\u00e3o presenciais, durante o evento, no valor de R$ 15 e somente em dinheiro<\/em><\/p>\n<p>A, 22\u00aa edi\u00e7\u00e3o do Simp\u00f3sio de Matem\u00e1tica para a Gradua\u00e7\u00e3o (SiM), acontecer\u00e1 no per\u00edodo de 19 a 23 de agosto, na sede do Instituto de Ci\u00eancias Matem\u00e1ticas e de Computa\u00e7\u00e3o (ICMC) da USP, em S\u00e3o Carlos. O evento traz atividades e discuss\u00f5es multidisciplinares para as \u00e1reas de matem\u00e1tica, matem\u00e1tica aplicada e educa\u00e7\u00e3o matem\u00e1tica com a participa\u00e7\u00e3o de estudantes, professores e grupos de pesquisa do ICMC e de outras institui\u00e7\u00f5es.<\/p>\n<p>Podem participar do simp\u00f3sio alunos de gradua\u00e7\u00e3o, professores e docentes do n\u00edvel superior interessados em matem\u00e1tica e suas aplica\u00e7\u00f5es. O SiM tamb\u00e9m incentiva os alunos a apresentarem seus projetos e conhecerem trabalhos de outros alunos que realizam inicia\u00e7\u00e3o cient\u00edfica em diferentes \u00e1reas da matem\u00e1tica. Interessados podem fazer a submiss\u00e3o at\u00e9 dia 2 de agosto, sexta-feira. Os resumos ser\u00e3o publicados em um livro eletr\u00f4nico, com ISBN.<\/p>\n<p>Com atividades tamb\u00e9m abertas a alunos do ensino m\u00e9dio, as inscri\u00e7\u00f5es antecipadas podem ser feitas at\u00e9 dia 11 de agosto no site do evento. O valor da inscri\u00e7\u00e3o online \u00e9 de R$ 14,75. Ap\u00f3s esta data, as inscri\u00e7\u00f5es ser\u00e3o realizadas presenciais, durante o evento. O valor ser\u00e1 de R$ 15 e dever\u00e1 ser pago em dinheiro.<\/p>\n<p><strong>Programa\u00e7\u00e3o<\/strong><\/p>\n<p>\u201cA mesa-redonda de ex-alunos do ICMC \u00e9 um ponto forte da programa\u00e7\u00e3o, em que egressos de v\u00e1rios cursos de matem\u00e1tica d\u00e3o depoimentos sobre suas carreiras profissionais, sucessos e desafios enfrentados\u201d, comenta uma das coordenadoras do evento, a professora Edna Zuffi.<\/p>\n<p>Entre outros destaques da programa\u00e7\u00e3o est\u00e1 uma mesa-redonda com professores do ICMC sobre diversidade, a participa\u00e7\u00e3o do Grupo de Apoio Psicopedag\u00f3gico (GAPsi), a premia\u00e7\u00e3o dos melhores alunos dos cursos de Bacharelado em Matem\u00e1tica, Licenciatura em Matem\u00e1tica e Bacharelado em Matem\u00e1tica Aplicada e Computa\u00e7\u00e3o Cient\u00edfica no ano de 2018, e uma apresenta\u00e7\u00e3o do Coral do USP S\u00e3o Carlos. A programa\u00e7\u00e3o completa estar\u00e1 dispon\u00edvel no site do evento a partir de 13 de agosto.<\/p>\n<p>Promovido conjuntamente pelos Departamentos de Matem\u00e1tica (SMA) e de Matem\u00e1tica Aplicada e Estat\u00edstica (SME) do ICMC, o SiM faz parte de um programa de valoriza\u00e7\u00e3o do ensino na gradua\u00e7\u00e3o e suas rela\u00e7\u00f5es com atividades de extens\u00e3o, promovendo a divulga\u00e7\u00e3o da \u00e1rea de matem\u00e1tica no Brasil, especialmente na regi\u00e3o central do Estado de S\u00e3o Paulo.<\/p>\n<p><strong>Mais informa\u00e7\u00f5es<\/strong><br \/>\nSite do evento: http:\/\/sim.icmc.usp.br\/sim2019\/<br \/>\nSe\u00e7\u00e3o de Eventos do ICMC \u2013 Tel. (16) 3373-9622 \/ eventos@icmc.usp.br<\/p>\n","protected":false},"excerpt":{"rendered":"<p>Evento \u00e9 oportunidade para alunos de gradua\u00e7\u00e3o apresentarem seus primeiros trabalhos acad\u00eamicos, discutirem os rumos da \u00e1rea e ampliarem conhecimentos. Inscri\u00e7\u00f5es antecipadas at\u00e9 11 de agosto no site do evento, no valor de R$ 14,75. Ap\u00f3s essa data, as inscri\u00e7\u00f5es ser\u00e3o presenciais, durante o evento, no valor de R$ 15 e somente em dinheiro A, 22\u00aa edi\u00e7\u00e3o do Simp\u00f3sio de [&hellip;]<\/p>\n","protected":false},"author":27,"featured_media":0,"comment_status":"open","ping_status":"closed","sticky":false,"template":"","format":"standard","meta":{"footnotes":""},"categories":[2719],"tags":[1442,15720,1296,12609,4716,14274,15106,2980,2976,3523,15718,2981,15719,524],"class_list":["post-13217","post","type-post","status-publish","format-standard","hentry","category-servidor","tag-alunos","tag-bacharelado","tag-ensino","tag-extensao","tag-graduacao","tag-icmc-usp","tag-licenciatura","tag-matematica","tag-professores","tag-sao-carlos","tag-sim","tag-sma","tag-sme","tag-valorizacao"],"_links":{"self":[{"href":"https:\/\/blogs.correiobraziliense.com.br\/servidor\/wp-json\/wp\/v2\/posts\/13217","targetHints":{"allow":["GET"]}}],"collection":[{"href":"https:\/\/blogs.correiobraziliense.com.br\/servidor\/wp-json\/wp\/v2\/posts"}],"about":[{"href":"https:\/\/blogs.correiobraziliense.com.br\/servidor\/wp-json\/wp\/v2\/types\/post"}],"author":[{"embeddable":true,"href":"https:\/\/blogs.correiobraziliense.com.br\/servidor\/wp-json\/wp\/v2\/users\/27"}],"replies":[{"embeddable":true,"href":"https:\/\/blogs.correiobraziliense.com.br\/servidor\/wp-json\/wp\/v2\/comments?post=13217"}],"version-history":[{"count":1,"href":"https:\/\/blogs.correiobraziliense.com.br\/servidor\/wp-json\/wp\/v2\/posts\/13217\/revisions"}],"predecessor-version":[{"id":13218,"href":"https:\/\/blogs.correiobraziliense.com.br\/servidor\/wp-json\/wp\/v2\/posts\/13217\/revisions\/13218"}],"wp:attachment":[{"href":"https:\/\/blogs.correiobraziliense.com.br\/servidor\/wp-json\/wp\/v2\/media?parent=13217"}],"wp:term":[{"taxonomy":"category","embeddable":true,"href":"https:\/\/blogs.correiobraziliense.com.br\/servidor\/wp-json\/wp\/v2\/categories?post=13217"},{"taxonomy":"post_tag","embeddable":true,"href":"https:\/\/blogs.correiobraziliense.com.br\/servidor\/wp-json\/wp\/v2\/tags?post=13217"}],"curies":[{"name":"wp","href":"https:\/\/api.w.org\/{rel}","templated":true}]}}