{"id":13215,"date":"2019-07-18T17:59:29","date_gmt":"2019-07-18T20:59:29","guid":{"rendered":"https:\/\/blogs.correiobraziliense.com.br\/servidor\/?p=13215"},"modified":"2019-07-18T17:59:29","modified_gmt":"2019-07-18T20:59:29","slug":"tst-busca-solucao-para-custeio-do-plano-de-saude-dos-pais-de-empregados-dos-correios","status":"publish","type":"post","link":"https:\/\/blogs.correiobraziliense.com.br\/servidor\/tst-busca-solucao-para-custeio-do-plano-de-saude-dos-pais-de-empregados-dos-correios\/","title":{"rendered":"TST busca solu\u00e7\u00e3o para custeio do plano de sa\u00fade dos pais de empregados dos Correios"},"content":{"rendered":"<p><em>A inten\u00e7\u00e3o \u00e9 fechar acordo at\u00e9 a data-base, em 1\u00ba de agosto.\u00a0Os pais dos funcion\u00e1rios podem perder o plano de sa\u00fade, caso n\u00e3o se chegue a um ajuste entre as partes at\u00e9 30 de julho<\/em><\/p>\n<p>O vice-presidente do Tribunal Superior do Trabalho (TST), ministro Renato de Lacerda Paiva, se reuniu ontem (17) com representantes da Federa\u00e7\u00e3o Nacional dos Trabalhadores em Empresas de Correios, Tel\u00e9grafos e Similares (Fentect) e da Federa\u00e7\u00e3o Interestadual dos Sindicatos dos Trabalhadores e Trabalhadoras dos Correios (Findect) para discutir uma solu\u00e7\u00e3o consensual para o custeio do plano de sa\u00fade dos empregados da Empresa Brasileira de Correios e Tel\u00e9grafos (ECT) e dependentes, e tamb\u00e9m sobre a negocia\u00e7\u00e3o de acordo coletivo de trabalho para a categoria, cuja data-base \u00e9 1\u00ba de agosto.<\/p>\n<p><strong>Plano de sa\u00fade<\/strong><\/p>\n<p>A inten\u00e7\u00e3o, de acordo com o vice-presidente, \u00e9 apresentar uma proposta que contemple as principais preocupa\u00e7\u00f5es dos empregados sobre o tema, como a base de c\u00e1lculo da mensalidade e a isen\u00e7\u00e3o de coparticipa\u00e7\u00e3o de tratamento cont\u00ednuos.<\/p>\n<p>Os ajustes estudados preveem a retirada de rubricas vari\u00e1veis (horas extras, 13\u00ba sal\u00e1rio, f\u00e9rias, etc.) da base de c\u00e1lculo das mensalidades de titulares e dependentes que n\u00e3o ultrapassem o limite de 10% do sal\u00e1rio apurado. H\u00e1 previs\u00e3o ainda de isen\u00e7\u00e3o da coparticipa\u00e7\u00e3o para interna\u00e7\u00e3o hospitalar e temas sens\u00edveis, como tratamentos oncol\u00f3gicos ambulatoriais (quimioterapia e radioterapia), di\u00e1lise e hemodi\u00e1lise em ambulat\u00f3rio.<\/p>\n<p><strong>Pais<\/strong><\/p>\n<p>Outro ponto sens\u00edvel nas negocia\u00e7\u00f5es \u00e9 a manuten\u00e7\u00e3o do plano de sa\u00fade para os pais dos empregados. A solu\u00e7\u00e3o desenhada pelo TST \u00e9 a cria\u00e7\u00e3o de um novo plano para esse grupo, de cerca de 50 mil pessoas, quase todas acima de 59 anos. Nesse plano alternativo, os Correios arcariam com 40% do custo, e os empregados com 60%. Na faixa et\u00e1ria mais elevada, o empregado contribuiria com 17,37% para um genitor e com 26,05% para os dois.<\/p>\n<p>Apesar da resist\u00eancia inicial da empresa em discutir uma solu\u00e7\u00e3o para a quest\u00e3o e sua insist\u00eancia em retirar os pais do plano de assist\u00eancia, o ministro, desde o in\u00edcio do m\u00eas, estabeleceu um di\u00e1logo com a dire\u00e7\u00e3o da ECT na busca de alternativas. Para tanto, foram solicitados e verificados dados econ\u00f4micos e financeiros que permitiram a estrutura\u00e7\u00e3o da proposta.<\/p>\n<p>Na reuni\u00e3o, o vice-presidente manifestou aos dirigentes sindicais sua preocupa\u00e7\u00e3o com a possibilidade de que os pais percam o plano de sa\u00fade a partir de 1\u00ba de agosto, caso n\u00e3o se chegue a um acordo at\u00e9 a data-base.<\/p>\n<p><strong>Cl\u00e1usulas sociais<\/strong><\/p>\n<p>Em rela\u00e7\u00e3o \u00e0 data-base 2019\/2020, al\u00e9m dos t\u00f3picos referentes ao plano de sa\u00fade, a proposta contempla a manuten\u00e7\u00e3o das cl\u00e1usulas sociais atualmente em vigor e reajuste salarial de 1%.<\/p>\n<p>&#8220;O vice-presidente agora aguarda a sinaliza\u00e7\u00e3o das entidades sindicais para trabalhar na proposta e buscar sensibilizar a ECT&#8221;, destaca o TST. N\u00e3o foi fixado prazo para resposta; Fica a cargo da Fentect e da Findect avaliar o quadro apresentado e se manifestar. O ministro, no entanto, reiterou sua preocupa\u00e7\u00e3o com a poss\u00edvel retirada do plano de sa\u00fade dos pais se n\u00e3o houver solu\u00e7\u00e3o at\u00e9 30 de julho.<\/p>\n","protected":false},"excerpt":{"rendered":"<p>A inten\u00e7\u00e3o \u00e9 fechar acordo at\u00e9 a data-base, em 1\u00ba de agosto.\u00a0Os pais dos funcion\u00e1rios podem perder o plano de sa\u00fade, caso n\u00e3o se chegue a um ajuste entre as partes at\u00e9 30 de julho O vice-presidente do Tribunal Superior do Trabalho (TST), ministro Renato de Lacerda Paiva, se reuniu ontem (17) com representantes da Federa\u00e7\u00e3o Nacional dos Trabalhadores em [&hellip;]<\/p>\n","protected":false},"author":27,"featured_media":0,"comment_status":"open","ping_status":"closed","sticky":false,"template":"","format":"standard","meta":{"footnotes":""},"categories":[2719],"tags":[112,11487,4181,379,8152,769,2319,414,6196,8834,1341,8157,12843,198,2317,643,15717,503],"class_list":["post-13215","post","type-post","status-publish","format-standard","hentry","category-servidor","tag-acordo","tag-acordo-coletivo","tag-ajustes","tag-categoria","tag-coparticipacao","tag-data-base","tag-dependentes","tag-ect","tag-fentect","tag-findect","tag-funcionarios","tag-hospitalar","tag-internacao","tag-pais","tag-plano-de-saude","tag-salario","tag-trataementos","tag-tst"],"_links":{"self":[{"href":"https:\/\/blogs.correiobraziliense.com.br\/servidor\/wp-json\/wp\/v2\/posts\/13215","targetHints":{"allow":["GET"]}}],"collection":[{"href":"https:\/\/blogs.correiobraziliense.com.br\/servidor\/wp-json\/wp\/v2\/posts"}],"about":[{"href":"https:\/\/blogs.correiobraziliense.com.br\/servidor\/wp-json\/wp\/v2\/types\/post"}],"author":[{"embeddable":true,"href":"https:\/\/blogs.correiobraziliense.com.br\/servidor\/wp-json\/wp\/v2\/users\/27"}],"replies":[{"embeddable":true,"href":"https:\/\/blogs.correiobraziliense.com.br\/servidor\/wp-json\/wp\/v2\/comments?post=13215"}],"version-history":[{"count":1,"href":"https:\/\/blogs.correiobraziliense.com.br\/servidor\/wp-json\/wp\/v2\/posts\/13215\/revisions"}],"predecessor-version":[{"id":13216,"href":"https:\/\/blogs.correiobraziliense.com.br\/servidor\/wp-json\/wp\/v2\/posts\/13215\/revisions\/13216"}],"wp:attachment":[{"href":"https:\/\/blogs.correiobraziliense.com.br\/servidor\/wp-json\/wp\/v2\/media?parent=13215"}],"wp:term":[{"taxonomy":"category","embeddable":true,"href":"https:\/\/blogs.correiobraziliense.com.br\/servidor\/wp-json\/wp\/v2\/categories?post=13215"},{"taxonomy":"post_tag","embeddable":true,"href":"https:\/\/blogs.correiobraziliense.com.br\/servidor\/wp-json\/wp\/v2\/tags?post=13215"}],"curies":[{"name":"wp","href":"https:\/\/api.w.org\/{rel}","templated":true}]}}