{"id":13202,"date":"2019-07-17T19:30:04","date_gmt":"2019-07-17T22:30:04","guid":{"rendered":"https:\/\/blogs.correiobraziliense.com.br\/servidor\/?p=13202"},"modified":"2019-07-17T19:30:04","modified_gmt":"2019-07-17T22:30:04","slug":"anfip-e-fenafisco-divulgam-carta-a-sociedade-sobre-reforma-da-previdencia","status":"publish","type":"post","link":"https:\/\/blogs.correiobraziliense.com.br\/servidor\/anfip-e-fenafisco-divulgam-carta-a-sociedade-sobre-reforma-da-previdencia\/","title":{"rendered":"Anfip e Fenafisco divulgam carta \u00e0 sociedade sobre reforma da Previd\u00eancia"},"content":{"rendered":"<p><em>Com o t\u00edtulo &#8220;Previd\u00eancia: ainda \u00e9 tempo de lutar contra o aumento da desigualdade que vir\u00e1 com a reforma da Previd\u00eancia&#8221;, Anfip e Fenafisco destacam que a vers\u00e3o que saiu do Congresso \u00e9 menos &#8220;indecente que o texto original apresentado pelo governo&#8221;. Mas para reduzir combater os s\u00e9rios problemas do pa\u00eds, \u00e9 importante que seja inclu\u00edda na na agenda do Congresso Nacional a reforma tribut\u00e1ria solid\u00e1ria, &#8220;o melhor caminho para combater privil\u00e9gios e\u00a0reduzir desigualdades&#8221;, afirmam<\/em><\/p>\n<p>Veja a carta na \u00edntegra:<\/p>\n<p>A proposta original de reforma da Previd\u00eancia apresentada pelo\u00a0governo era ainda mais indecente que a vers\u00e3o aprovada em primeiro\u00a0turno, porque ampliaria dramaticamente a desigualdade em um dos\u00a0pa\u00edses mais desiguais do mundo. Em \u00faltima inst\u00e2ncia, uma aposta na\u00a0morte dos mais pobres antes de usufru\u00edrem do direito \u00e0 aposentadoria;\u00a0um descarte populacional como falsa solu\u00e7\u00e3o para o desequil\u00edbrio\u00a0fiscal, nas palavras da professora do Instituto de Economia da\u00a0Universidade Federal do Rio de Janeiro (UFRJ), Denise Lobato Gentil.<\/p>\n<p>Dos que sobreviverem ao descarte, a maioria idosa vagar\u00e1 pelas ruas\u00a0como zumbis sem prote\u00e7\u00e3o, somando-se aos desempregados,\u00a0desalentados e subempregados. Assim, mantida intacta, a proposta\u00a0original levaria a uma brutal destitui\u00e7\u00e3o de idosos pobres, uma trag\u00e9dia\u00a0humanit\u00e1ria sem precedentes.<\/p>\n<p>Mas houve luta e resist\u00eancia, a despeito do debate desonesto. Um\u00a0fugaz lampejo de discuss\u00e3o sincera e qualificada, proporcionada por\u00a0dezenas de especialistas da academia e do movimento sindical, serviu\u00a0de subs\u00eddio para a a\u00e7\u00e3o parlamentar. Embora minorit\u00e1rios e sob\u00a0condi\u00e7\u00f5es extremamente adversas, h\u00e1 de se louvar a postura firme e\u00a0obstinada dos e das parlamentares que se entrincheiraram em defesa\u00a0da Previd\u00eancia Social e lograram relativo \u00eaxito ao longo da tramita\u00e7\u00e3o\u00a0da mat\u00e9ria.<\/p>\n<p>Na primeira fase, no \u00e2mbito da Comiss\u00e3o Especial, o sucesso se deu\u00a0com a retirada, pelo relator, de dispositivos cru\u00e9is que aprofundariam a\u00a0trag\u00e9dia social. Na segunda fase, em Plen\u00e1rio, a forte a\u00e7\u00e3o parlamentar\u00a0oposicionista permitiu a derrubada de outros dispositivos igualmente\u00a0perversos que remanesceram da Comiss\u00e3o Especial.<\/p>\n<p>A redu\u00e7\u00e3o de danos foi vit\u00f3ria parcial da sociedade que continua\u00a0sacrificada, especialmente os sem emprego, os subocupados, os\u00a0desalentados que j\u00e1 n\u00e3o procuram emprego, os portadores de<br \/>\ndefici\u00eancia, os inv\u00e1lidos e as vi\u00favas entregues \u00e0 pr\u00f3pria sorte.\u00a0Em s\u00edntese, a vers\u00e3o aprovada em primeiro turno na C\u00e2mara dos\u00a0Deputados segue altamente lesiva aos interesses de quem vive do\u00a0trabalho e, portanto, absolutamente inaceit\u00e1vel.<\/p>\n<p>Mas o resultado do jogo at\u00e9 aqui n\u00e3o \u00e9 o resultado final. Em agosto e\u00a0setembro, a \u201creforma\u201d ainda tramitar\u00e1 na C\u00e2mara dos Deputados\u00a0(segundo turno) e no Senado (dois turnos).\u00a0Se o texto-base for modificado no Senado, ter\u00e1 que voltar para a C\u00e2mara.<\/p>\n<p>H\u00e1, pois, uma derradeira possibilidade para que a sociedade reaja no\u00a0sentido de impedir a consuma\u00e7\u00e3o dessa cat\u00e1strofe humanit\u00e1ria \u00e0 vista.\u00a0Resta, ainda, tempo e possibilidade de luta e resist\u00eancia, que precisam\u00a0tomar as ruas do pa\u00eds, porque \u00e9 nas ruas que qualquer mudan\u00e7a em\u00a0favor do povo tem alguma chance de acontecer.<\/p>\n<p>E tempo e a\u00a0possibilidade para incluir na agenda do Congresso Nacional a Reforma\u00a0Tribut\u00e1ria Solid\u00e1ria, o melhor caminho para combater privil\u00e9gios e\u00a0reduzir desigualdades.&#8221;<\/p>\n","protected":false},"excerpt":{"rendered":"<p>Com o t\u00edtulo &#8220;Previd\u00eancia: ainda \u00e9 tempo de lutar contra o aumento da desigualdade que vir\u00e1 com a reforma da Previd\u00eancia&#8221;, Anfip e Fenafisco destacam que a vers\u00e3o que saiu do Congresso \u00e9 menos &#8220;indecente que o texto original apresentado pelo governo&#8221;. Mas para reduzir combater os s\u00e9rios problemas do pa\u00eds, \u00e9 importante que seja inclu\u00edda na na agenda do [&hellip;]<\/p>\n","protected":false},"author":27,"featured_media":0,"comment_status":"open","ping_status":"closed","sticky":false,"template":"","format":"standard","meta":{"footnotes":""},"categories":[2719],"tags":[771,6,301,693,15706,5943,11845,4320,98,6588,443,2369,955,9727,13654,351,15707,11373],"class_list":["post-13202","post","type-post","status-publish","format-standard","hentry","category-servidor","tag-anfip","tag-aposentadoria","tag-carta","tag-congresso-nacional","tag-desalentados","tag-desempregados","tag-desigualdades","tag-fenafisco","tag-governo","tag-humanitaria","tag-idosos","tag-pobres","tag-privilegios","tag-reforma-da-previdencia","tag-reforma-tributaria-solidaria","tag-sociedade","tag-subempregados","tag-tragedia"],"_links":{"self":[{"href":"https:\/\/blogs.correiobraziliense.com.br\/servidor\/wp-json\/wp\/v2\/posts\/13202","targetHints":{"allow":["GET"]}}],"collection":[{"href":"https:\/\/blogs.correiobraziliense.com.br\/servidor\/wp-json\/wp\/v2\/posts"}],"about":[{"href":"https:\/\/blogs.correiobraziliense.com.br\/servidor\/wp-json\/wp\/v2\/types\/post"}],"author":[{"embeddable":true,"href":"https:\/\/blogs.correiobraziliense.com.br\/servidor\/wp-json\/wp\/v2\/users\/27"}],"replies":[{"embeddable":true,"href":"https:\/\/blogs.correiobraziliense.com.br\/servidor\/wp-json\/wp\/v2\/comments?post=13202"}],"version-history":[{"count":1,"href":"https:\/\/blogs.correiobraziliense.com.br\/servidor\/wp-json\/wp\/v2\/posts\/13202\/revisions"}],"predecessor-version":[{"id":13203,"href":"https:\/\/blogs.correiobraziliense.com.br\/servidor\/wp-json\/wp\/v2\/posts\/13202\/revisions\/13203"}],"wp:attachment":[{"href":"https:\/\/blogs.correiobraziliense.com.br\/servidor\/wp-json\/wp\/v2\/media?parent=13202"}],"wp:term":[{"taxonomy":"category","embeddable":true,"href":"https:\/\/blogs.correiobraziliense.com.br\/servidor\/wp-json\/wp\/v2\/categories?post=13202"},{"taxonomy":"post_tag","embeddable":true,"href":"https:\/\/blogs.correiobraziliense.com.br\/servidor\/wp-json\/wp\/v2\/tags?post=13202"}],"curies":[{"name":"wp","href":"https:\/\/api.w.org\/{rel}","templated":true}]}}