{"id":13189,"date":"2019-07-17T16:46:32","date_gmt":"2019-07-17T19:46:32","guid":{"rendered":"https:\/\/blogs.correiobraziliense.com.br\/servidor\/?p=13189"},"modified":"2019-07-17T16:46:32","modified_gmt":"2019-07-17T19:46:32","slug":"forcas-tarefas-da-lava-jato-e-greenfield-divulgam-nota-publica-sobre-decisao-do-ministro-dias-toffoli","status":"publish","type":"post","link":"https:\/\/blogs.correiobraziliense.com.br\/servidor\/forcas-tarefas-da-lava-jato-e-greenfield-divulgam-nota-publica-sobre-decisao-do-ministro-dias-toffoli\/","title":{"rendered":"For\u00e7as-tarefas da Lava Jato e Greenfield divulgam nota p\u00fablica sobre decis\u00e3o do ministro Dias Toffoli"},"content":{"rendered":"<p><em>Magistrado suspendeu investiga\u00e7\u00f5es e processos instaurados a partir do compartilhamento de informa\u00e7\u00f5es fiscais e banc\u00e1rias com o MP. Os procuradores da Rep\u00fablica das for\u00e7as-tarefas das opera\u00e7\u00f5es Lava Jato e Greenfield acabam de divulgar nota p\u00fablica sobre decis\u00e3o do ministro Dias Toffoli. De acordo com os procuradores, &#8220;a decis\u00e3o contraria recomenda\u00e7\u00f5es internacionais de conferir maior amplitude \u00e0 a\u00e7\u00e3o das unidades de intelig\u00eancia financeira, como o COAF, inclusive em sua intera\u00e7\u00e3o com os \u00f3rg\u00e3os p\u00fablicos para prevenir e reprimir a lavagem de dinheiro&#8221;<\/em><\/p>\n<p>Veja a nota:<\/p>\n<p>&#8220;As for\u00e7as-tarefas das opera\u00e7\u00f5es Greenfield e Lava Jato em Curitiba, S\u00e3o Paulo e Rio de Janeiro externam grande preocupa\u00e7\u00e3o em rela\u00e7\u00e3o \u00e0 decis\u00e3o monocr\u00e1tica emitida pelo presidente do E. STF, Min. Dias Toffoli, que determinou a suspens\u00e3o de investiga\u00e7\u00f5es e processos instaurados a partir do compartilhamento com o Minist\u00e9rio P\u00fablico de informa\u00e7\u00f5es fiscais e banc\u00e1rias sobre crimes \u201cque foram al\u00e9m da identifica\u00e7\u00e3o dos titulares das opera\u00e7\u00f5es banc\u00e1rias e dos montantes globais\u201d, sem pr\u00e9via decis\u00e3o do Poder Judici\u00e1rio.<\/p>\n<p>A referida decis\u00e3o contraria recomenda\u00e7\u00f5es internacionais de conferir maior amplitude \u00e0 a\u00e7\u00e3o das unidades de intelig\u00eancia financeira, como o COAF, inclusive em sua intera\u00e7\u00e3o com os \u00f3rg\u00e3os p\u00fablicos para prevenir e reprimir a lavagem de dinheiro.<\/p>\n<p>As for\u00e7as-tarefas, ao longo dos \u00faltimos cinco anos, receberam in\u00fameras informa\u00e7\u00f5es sobre crimes da Receita, do COAF e do BACEN, inclusive a partir da iniciativa dos \u00f3rg\u00e3os quando se depararam com ind\u00edcios de atividade criminosa. A base para o compartilhamento na \u00faltima situa\u00e7\u00e3o \u00e9 o dever de autoridades de comunicar atividade criminosa identificada.<\/p>\n<p>Embora seja invi\u00e1vel identificar imediatamente quantos dos milhares de procedimentos e processos em curso nas for\u00e7as-tarefas podem ser impactados pela decis\u00e3o do E. STF, esta impactar\u00e1 muitos casos que apuram corrup\u00e7\u00e3o e lavagem de dinheiro nas grandes investiga\u00e7\u00f5es e no pa\u00eds, criando risco \u00e0 seguran\u00e7a jur\u00eddica do trabalho.<\/p>\n<p>A suspens\u00e3o de investiga\u00e7\u00f5es e processos por prazo indeterminado reduz a perspectiva de seu sucesso, porque o decurso do tempo lhes \u00e9 desfavor\u00e1vel. Com o passar do tempo, documentos se dissipam, a mem\u00f3ria de testemunhas esmorece e se esvai o prazo de reten\u00e7\u00e3o pelas institui\u00e7\u00f5es de informa\u00e7\u00f5es telef\u00f4nicas, fiscais e financeiras.<\/p>\n<p>Por tudo isso, as for\u00e7as-tarefas ressaltam a import\u00e2ncia de que o caso seja apreciado, com a urg\u00eancia poss\u00edvel, pelo plen\u00e1rio do Supremo Tribunal Federal, manifestando confian\u00e7a de que a Corte definir\u00e1 a quest\u00e3o com a necess\u00e1ria urg\u00eancia, conferindo seguran\u00e7a jur\u00eddica para o desenvolvimento das investiga\u00e7\u00f5es e processos suspensos.&#8221;<\/p>\n","protected":false},"excerpt":{"rendered":"<p>Magistrado suspendeu investiga\u00e7\u00f5es e processos instaurados a partir do compartilhamento de informa\u00e7\u00f5es fiscais e banc\u00e1rias com o MP. Os procuradores da Rep\u00fablica das for\u00e7as-tarefas das opera\u00e7\u00f5es Lava Jato e Greenfield acabam de divulgar nota p\u00fablica sobre decis\u00e3o do ministro Dias Toffoli. De acordo com os procuradores, &#8220;a decis\u00e3o contraria recomenda\u00e7\u00f5es internacionais de conferir maior amplitude \u00e0 a\u00e7\u00e3o das unidades de [&hellip;]<\/p>\n","protected":false},"author":27,"featured_media":0,"comment_status":"open","ping_status":"closed","sticky":false,"template":"","format":"standard","meta":{"footnotes":""},"categories":[2719],"tags":[4240,3718,2171,1248,13583,7788,15704,5547,722,7204,35,853,1131,3551,1407,562,1235],"class_list":["post-13189","post","type-post","status-publish","format-standard","hentry","category-servidor","tag-bancarias","tag-coaf","tag-compartilhamento","tag-decisao","tag-dias-toffoli","tag-forcas-tarefa","tag-informacoes-fiscais","tag-inteligencia","tag-investigacao","tag-lavagem-de-dinheiro","tag-ministro","tag-mp","tag-nota-publica","tag-operacao-greenfield","tag-operacao-lava-jato","tag-processos","tag-procuradores"],"_links":{"self":[{"href":"https:\/\/blogs.correiobraziliense.com.br\/servidor\/wp-json\/wp\/v2\/posts\/13189","targetHints":{"allow":["GET"]}}],"collection":[{"href":"https:\/\/blogs.correiobraziliense.com.br\/servidor\/wp-json\/wp\/v2\/posts"}],"about":[{"href":"https:\/\/blogs.correiobraziliense.com.br\/servidor\/wp-json\/wp\/v2\/types\/post"}],"author":[{"embeddable":true,"href":"https:\/\/blogs.correiobraziliense.com.br\/servidor\/wp-json\/wp\/v2\/users\/27"}],"replies":[{"embeddable":true,"href":"https:\/\/blogs.correiobraziliense.com.br\/servidor\/wp-json\/wp\/v2\/comments?post=13189"}],"version-history":[{"count":1,"href":"https:\/\/blogs.correiobraziliense.com.br\/servidor\/wp-json\/wp\/v2\/posts\/13189\/revisions"}],"predecessor-version":[{"id":13190,"href":"https:\/\/blogs.correiobraziliense.com.br\/servidor\/wp-json\/wp\/v2\/posts\/13189\/revisions\/13190"}],"wp:attachment":[{"href":"https:\/\/blogs.correiobraziliense.com.br\/servidor\/wp-json\/wp\/v2\/media?parent=13189"}],"wp:term":[{"taxonomy":"category","embeddable":true,"href":"https:\/\/blogs.correiobraziliense.com.br\/servidor\/wp-json\/wp\/v2\/categories?post=13189"},{"taxonomy":"post_tag","embeddable":true,"href":"https:\/\/blogs.correiobraziliense.com.br\/servidor\/wp-json\/wp\/v2\/tags?post=13189"}],"curies":[{"name":"wp","href":"https:\/\/api.w.org\/{rel}","templated":true}]}}