{"id":1318,"date":"2016-03-17T12:42:05","date_gmt":"2016-03-17T15:42:05","guid":{"rendered":"https:\/\/blogs.correiobraziliense.com.br\/servidor\/?p=1318"},"modified":"2016-03-17T12:42:05","modified_gmt":"2016-03-17T15:42:05","slug":"anamatra-e-amb-divulgam-not-sobre-ultimos-acontecimentos-politicos","status":"publish","type":"post","link":"https:\/\/blogs.correiobraziliense.com.br\/servidor\/anamatra-e-amb-divulgam-not-sobre-ultimos-acontecimentos-politicos\/","title":{"rendered":"ANAMATRA E AMB DIVULGAM NOT SOBRE \u00daLTIMOS ACONTECIMENTOS POL\u00cdTICOS"},"content":{"rendered":"<p><strong>NOTA P\u00daBLICA<\/strong><\/p>\n<p>Em face dos acontecimentos revelados pela imprensa, envolvendo a divulga\u00e7\u00e3o judicial de \u00e1udios alusivos a conversas entre membros do Poder Executivo, a Associa\u00e7\u00e3o dos Magistrados Brasileiros (AMB) e a Associa\u00e7\u00e3o dos Magistrados da Justi\u00e7a do Trabalho (Anamatra), v\u00eam a p\u00fablico manifestar-se nos seguintes termos:<\/p>\n<p>1. O Brasil atravessa grave momento de crise em sua hist\u00f3ria, a exigir de todos os atores sociais a necess\u00e1ria serenidade, com equidist\u00e2ncia pol\u00edtica e absoluto zelo pelas garantias democr\u00e1ticas. O criminoso enriquecimento pessoal ocultado pela manipula\u00e7\u00e3o de \u00f3rg\u00e3os p\u00fablicos deve ser investigado e severamente punido, assim como devem ser igualmente respeitados os importantes pilares do Estado Democr\u00e1tico de Direito.<\/p>\n<p>2. A AMB e a ANAMATRA reafirmam a defesa do devido processo penal para a comprova\u00e7\u00e3o de culpa e posterior puni\u00e7\u00e3o dos agentes p\u00fablicos e privados envolvidos em atos il\u00edcitos de qualquer natureza, em qualquer n\u00edvel hier\u00e1rquico, na medida em que todos, sem exce\u00e7\u00e3o, s\u00e3o iguais perante a lei. E o s\u00e3o, inclusive, para o gozo das garantias do direito \u00e0 ampla defesa e ao contradit\u00f3rio.<\/p>\n<p>3. Dessa forma, como tamb\u00e9m pelo teor revelado nas grava\u00e7\u00f5es sob cust\u00f3dia judicial, impende afirmar, com veem\u00eancia, a autonomia pol\u00edtico-funcional do Poder Judici\u00e1rio e a independ\u00eancia t\u00e9cnica da magistratura brasileira, eticamente comprometida com a legalidade de seus atos e com a imparcialidade de seus membros. Inadmiss\u00edveis, por isso, quaisquer men\u00e7\u00f5es unilaterais a tentativas de inger\u00eancia no conte\u00fado de decis\u00f5es, de quaisquer autoridades judici\u00e1rias.<\/p>\n<p>A AMB e a ANAMATRA confiam na for\u00e7a da democracia e nas institui\u00e7\u00f5es judici\u00e1rias, inclusive como instrumentos capazes de superar impasses e crises como essas. Clamam, ademais, pela unidade nacional em prol de escopos comuns, quais sejam, a paz social e a normalidade institucional.<br \/>\nBras\u00edlia, 17 de mar\u00e7o de 2016.<\/p>\n<p><strong>Jo\u00e3o Ricardo dos Santos Costa<\/strong><\/p>\n<p><strong>Presidente da AMB<\/strong><\/p>\n<p><strong>Germano Silveira de Siqueira<\/strong><\/p>\n<p><strong>Presidente da ANAMATRA<\/strong><\/p>\n","protected":false},"excerpt":{"rendered":"<p>NOTA P\u00daBLICA Em face dos acontecimentos revelados pela imprensa, envolvendo a divulga\u00e7\u00e3o judicial de \u00e1udios alusivos a conversas entre membros do Poder Executivo, a Associa\u00e7\u00e3o dos Magistrados Brasileiros (AMB) e a Associa\u00e7\u00e3o dos Magistrados da Justi\u00e7a do Trabalho (Anamatra), v\u00eam a p\u00fablico manifestar-se nos seguintes termos: 1. O Brasil atravessa grave momento de crise em sua hist\u00f3ria, a exigir de [&hellip;]<\/p>\n","protected":false},"author":27,"featured_media":0,"comment_status":"open","ping_status":"closed","sticky":false,"template":"","format":"standard","meta":{"footnotes":""},"categories":[1],"tags":[1410,1409,1408,1412,156,37,1413,1411],"class_list":["post-1318","post","type-post","status-publish","format-standard","hentry","category-sem-categoria","tag-acontecimentos","tag-amb","tag-anamatra","tag-conversas","tag-membros","tag-nota","tag-poder-executivo","tag-politicos"],"_links":{"self":[{"href":"https:\/\/blogs.correiobraziliense.com.br\/servidor\/wp-json\/wp\/v2\/posts\/1318","targetHints":{"allow":["GET"]}}],"collection":[{"href":"https:\/\/blogs.correiobraziliense.com.br\/servidor\/wp-json\/wp\/v2\/posts"}],"about":[{"href":"https:\/\/blogs.correiobraziliense.com.br\/servidor\/wp-json\/wp\/v2\/types\/post"}],"author":[{"embeddable":true,"href":"https:\/\/blogs.correiobraziliense.com.br\/servidor\/wp-json\/wp\/v2\/users\/27"}],"replies":[{"embeddable":true,"href":"https:\/\/blogs.correiobraziliense.com.br\/servidor\/wp-json\/wp\/v2\/comments?post=1318"}],"version-history":[{"count":1,"href":"https:\/\/blogs.correiobraziliense.com.br\/servidor\/wp-json\/wp\/v2\/posts\/1318\/revisions"}],"predecessor-version":[{"id":1319,"href":"https:\/\/blogs.correiobraziliense.com.br\/servidor\/wp-json\/wp\/v2\/posts\/1318\/revisions\/1319"}],"wp:attachment":[{"href":"https:\/\/blogs.correiobraziliense.com.br\/servidor\/wp-json\/wp\/v2\/media?parent=1318"}],"wp:term":[{"taxonomy":"category","embeddable":true,"href":"https:\/\/blogs.correiobraziliense.com.br\/servidor\/wp-json\/wp\/v2\/categories?post=1318"},{"taxonomy":"post_tag","embeddable":true,"href":"https:\/\/blogs.correiobraziliense.com.br\/servidor\/wp-json\/wp\/v2\/tags?post=1318"}],"curies":[{"name":"wp","href":"https:\/\/api.w.org\/{rel}","templated":true}]}}