{"id":13179,"date":"2019-07-17T12:14:32","date_gmt":"2019-07-17T15:14:32","guid":{"rendered":"https:\/\/blogs.correiobraziliense.com.br\/servidor\/?p=13179"},"modified":"2019-07-17T12:14:32","modified_gmt":"2019-07-17T15:14:32","slug":"mercado-ja-enxerga-reforma-da-previdencia-como-aprovada","status":"publish","type":"post","link":"https:\/\/blogs.correiobraziliense.com.br\/servidor\/mercado-ja-enxerga-reforma-da-previdencia-como-aprovada\/","title":{"rendered":"Mercado j\u00e1 enxerga reforma da Previd\u00eancia como aprovada"},"content":{"rendered":"<p><em>Daniela Casabona, s\u00f3cia-diretora da FB Wealth, afirma que a Reforma da Previd\u00eancia tem um peso t\u00e3o grande que muitas vezes o cen\u00e1rio econ\u00f4mico externo \u00e9 ofuscado pelas expectativas. O Ibovespa tem chance de bater at\u00e9 130 mil pontos ainda este ano<\/em><\/p>\n<p>A Reforma tem impactado o avan\u00e7o do mercado financeiro que muitas vezes se descola at\u00e9 do externo, destaca Daniela. Para a s\u00f3cia-diretora, o mercado n\u00e3o tem um cen\u00e1rio em que a reforma n\u00e3o ser\u00e1 aprovada. A possibilidade \u00e9 apenas de desidrata\u00e7\u00e3o, o que n\u00e3o necessariamente seria ruim. \u201cBasicamente, n\u00e3o existe essa possibilidade. O mercado j\u00e1 tem como certa a sua aprova\u00e7\u00e3o, pode ser que ela seja mais desidratada, mas ser\u00e1 aprovada\u201d, comentou.<\/p>\n<p>Daniela explica que os investimentos em renda fixa perderam a atratividade e, portanto, a tend\u00eancia \u00e9 de subida da Bolsa. O clima pol\u00edtico parece de consenso em torno da aprova\u00e7\u00e3o como objetivo principal, o que se traduz no aumento da confian\u00e7a dos investidores na economia brasileira. \u201cO \u00edndice tende a se sustentar no patamar acima dos 100 mil pontos por um bom per\u00edodo com o avan\u00e7o da eeforma. Importante para o ajuste de contas, al\u00e9m de aumentar a confian\u00e7a. Com a aprova\u00e7\u00e3o e outros poss\u00edveis ajustes de gastos do estado, o Ibovespa tem chance de bater at\u00e9 130 mil pontos ainda este ano\u201d, finalizou.<\/p>\n<p>O \u00edndice Ibovespa j\u00e1 subiu quase 20% este ano. Entre altos e baixos, parece dar sinais de finalmente estar se sustentando acima dos 100 mil pontos. O cen\u00e1rio externo tamb\u00e9m \u00e9 positivo com o acordo entre Mercosul e Uni\u00e3o Europeia, al\u00e9m de uma poss\u00edvel tr\u00e9gua entre a guerra comercial dos Estados Unidos e China, que tem aliviado os mercados. Com isso, o mercado se anima tamb\u00e9m e j\u00e1 enxerga a eeforma da Previd\u00eancia como aprovada, resume ela.<\/p>\n<p>&nbsp;<\/p>\n","protected":false},"excerpt":{"rendered":"<p>Daniela Casabona, s\u00f3cia-diretora da FB Wealth, afirma que a Reforma da Previd\u00eancia tem um peso t\u00e3o grande que muitas vezes o cen\u00e1rio econ\u00f4mico externo \u00e9 ofuscado pelas expectativas. O Ibovespa tem chance de bater at\u00e9 130 mil pontos ainda este ano A Reforma tem impactado o avan\u00e7o do mercado financeiro que muitas vezes se descola at\u00e9 do externo, destaca Daniela. [&hellip;]<\/p>\n","protected":false},"author":27,"featured_media":0,"comment_status":"open","ping_status":"closed","sticky":false,"template":"","format":"standard","meta":{"footnotes":""},"categories":[2719],"tags":[1176,15700,1426,3172,9726,1008,489,1427,9727],"class_list":["post-13179","post","type-post","status-publish","format-standard","hentry","category-servidor","tag-aprovada","tag-atratividade","tag-cenario","tag-confianca","tag-desidratada","tag-investimentos","tag-mercado","tag-politico","tag-reforma-da-previdencia"],"_links":{"self":[{"href":"https:\/\/blogs.correiobraziliense.com.br\/servidor\/wp-json\/wp\/v2\/posts\/13179","targetHints":{"allow":["GET"]}}],"collection":[{"href":"https:\/\/blogs.correiobraziliense.com.br\/servidor\/wp-json\/wp\/v2\/posts"}],"about":[{"href":"https:\/\/blogs.correiobraziliense.com.br\/servidor\/wp-json\/wp\/v2\/types\/post"}],"author":[{"embeddable":true,"href":"https:\/\/blogs.correiobraziliense.com.br\/servidor\/wp-json\/wp\/v2\/users\/27"}],"replies":[{"embeddable":true,"href":"https:\/\/blogs.correiobraziliense.com.br\/servidor\/wp-json\/wp\/v2\/comments?post=13179"}],"version-history":[{"count":1,"href":"https:\/\/blogs.correiobraziliense.com.br\/servidor\/wp-json\/wp\/v2\/posts\/13179\/revisions"}],"predecessor-version":[{"id":13180,"href":"https:\/\/blogs.correiobraziliense.com.br\/servidor\/wp-json\/wp\/v2\/posts\/13179\/revisions\/13180"}],"wp:attachment":[{"href":"https:\/\/blogs.correiobraziliense.com.br\/servidor\/wp-json\/wp\/v2\/media?parent=13179"}],"wp:term":[{"taxonomy":"category","embeddable":true,"href":"https:\/\/blogs.correiobraziliense.com.br\/servidor\/wp-json\/wp\/v2\/categories?post=13179"},{"taxonomy":"post_tag","embeddable":true,"href":"https:\/\/blogs.correiobraziliense.com.br\/servidor\/wp-json\/wp\/v2\/tags?post=13179"}],"curies":[{"name":"wp","href":"https:\/\/api.w.org\/{rel}","templated":true}]}}