{"id":13175,"date":"2019-07-17T11:56:30","date_gmt":"2019-07-17T14:56:30","guid":{"rendered":"https:\/\/blogs.correiobraziliense.com.br\/servidor\/?p=13175"},"modified":"2019-07-17T11:56:30","modified_gmt":"2019-07-17T14:56:30","slug":"conacate-ajuiza-acao-contra-campanha-da-previdencia","status":"publish","type":"post","link":"https:\/\/blogs.correiobraziliense.com.br\/servidor\/conacate-ajuiza-acao-contra-campanha-da-previdencia\/","title":{"rendered":"Conacate aju\u00edza a\u00e7\u00e3o contra campanha da Previd\u00eancia"},"content":{"rendered":"<p><em>A Confedera\u00e7\u00e3o Nacional das Carreiras e Atividades T\u00edpicas de Estado, em nota, explica que as pe\u00e7as publicit\u00e1rias, ao custo de R$ 37 milh\u00f5es, t\u00eam car\u00e1ter pol\u00edtico &#8220;de convencimento popular e modifica\u00e7\u00e3o da opini\u00e3o p\u00fablica, al\u00e9m de informa\u00e7\u00f5es err\u00f4neas, ao afirmar que a reforma ser\u00e1 igual para todos \u2013 quando na proposta da Reforma da Previd\u00eancia policiais e militares ter\u00e3o regras privilegiadas &#8211; e que o trabalhador que ganha um sal\u00e1rio m\u00ednimo ser\u00e1 beneficiado porque vai pagar uma contribui\u00e7\u00e3o menor, sem esclarecer que a redu\u00e7\u00e3o \u00e9 de, no m\u00e1ximo R$ 4,90 mensais, e que esse mesmo trabalhador vai ter que trabalhar por mais tempo para receber menos benef\u00edcios&#8221;<\/em><\/p>\n<p>Veja a nota:<\/p>\n<p>&#8220;A confedera\u00e7\u00e3o, com apoio do escrit\u00f3rio Lima Nunes e Volpatti Advocacia e Consultoria, pretende suspender a publicidade que utilizou verba p\u00fablica de forma indevida.<\/p>\n<p>A Confedera\u00e7\u00e3o Nacional das Carreiras e Atividades T\u00edpicas de Estado (Conacate) ajuizou, nessa quarta-feira (10\/07\/2019), uma a\u00e7\u00e3o civil p\u00fablica, patrocinada pelo escrit\u00f3rio Lima Nunes e Volpatti Advocacia e Consultoria, contra a campanha Nova Previd\u00eancia, que teria utilizado de verba p\u00fablica para fins indevidos.<\/p>\n<p>Isso porque para o governo custear uma propaganda, ela deve ter cunho institucional, ou seja, ter fim educativo ou informativo, o que n\u00e3o ocorre com a referida campanha. As pe\u00e7as publicit\u00e1rias apresentam car\u00e1ter pol\u00edtico de convencimento popular e modifica\u00e7\u00e3o da opini\u00e3o p\u00fablica, al\u00e9m de informa\u00e7\u00f5es err\u00f4neas, ao afirmar que a reforma ser\u00e1 igual para todos \u2013 quando na proposta da Reforma da Previd\u00eancia os policiais e militares ter\u00e3o regras privilegiadas &#8211; e que o trabalhador que ganha um sal\u00e1rio m\u00ednimo ser\u00e1 beneficiado com a reforma porque vai pagar uma contribui\u00e7\u00e3o menor , sem esclarecer que a redu\u00e7\u00e3o \u00e9 de, no m\u00e1ximo R$ 4,90 mensais, e que esse mesmo trabalhador vai ter que trabalhar por mais tempo para receber menos benef\u00edcios.<\/p>\n<p>A a\u00e7\u00e3o tramita na 1\u00aa Vara Federal C\u00edvel da Se\u00e7\u00e3o Judici\u00e1ria do Distrito Federal e visa a suspens\u00e3o da campanha e anula\u00e7\u00e3o do contrato de R$ 37 milh\u00f5es para sua veicula\u00e7\u00e3o.<\/p>\n<p>Fabio M. Lima<br \/>\nOAB\/DF 43.463<br \/>\nLeonardo N. Volpatti<br \/>\nOAB\/DF 58.686<br \/>\nGiovanna Ghersel<br \/>\nOAB\/DF 53.086&#8221;<\/p>\n","protected":false},"excerpt":{"rendered":"<p>A Confedera\u00e7\u00e3o Nacional das Carreiras e Atividades T\u00edpicas de Estado, em nota, explica que as pe\u00e7as publicit\u00e1rias, ao custo de R$ 37 milh\u00f5es, t\u00eam car\u00e1ter pol\u00edtico &#8220;de convencimento popular e modifica\u00e7\u00e3o da opini\u00e3o p\u00fablica, al\u00e9m de informa\u00e7\u00f5es err\u00f4neas, ao afirmar que a reforma ser\u00e1 igual para todos \u2013 quando na proposta da Reforma da Previd\u00eancia policiais e militares ter\u00e3o regras [&hellip;]<\/p>\n","protected":false},"author":27,"featured_media":0,"comment_status":"open","ping_status":"closed","sticky":false,"template":"","format":"standard","meta":{"footnotes":""},"categories":[2719],"tags":[176,852,15698,5311,8652,8398,51,110,1427,5924,1805,2019,3088],"class_list":["post-13175","post","type-post","status-publish","format-standard","hentry","category-servidor","tag-acao","tag-beneficios","tag-campanha-da-previdencia","tag-conacate","tag-conribuicao","tag-convencimento","tag-militares","tag-policiais","tag-politico","tag-popular","tag-salario-minimo","tag-tempo","tag-trabalhador"],"_links":{"self":[{"href":"https:\/\/blogs.correiobraziliense.com.br\/servidor\/wp-json\/wp\/v2\/posts\/13175","targetHints":{"allow":["GET"]}}],"collection":[{"href":"https:\/\/blogs.correiobraziliense.com.br\/servidor\/wp-json\/wp\/v2\/posts"}],"about":[{"href":"https:\/\/blogs.correiobraziliense.com.br\/servidor\/wp-json\/wp\/v2\/types\/post"}],"author":[{"embeddable":true,"href":"https:\/\/blogs.correiobraziliense.com.br\/servidor\/wp-json\/wp\/v2\/users\/27"}],"replies":[{"embeddable":true,"href":"https:\/\/blogs.correiobraziliense.com.br\/servidor\/wp-json\/wp\/v2\/comments?post=13175"}],"version-history":[{"count":1,"href":"https:\/\/blogs.correiobraziliense.com.br\/servidor\/wp-json\/wp\/v2\/posts\/13175\/revisions"}],"predecessor-version":[{"id":13176,"href":"https:\/\/blogs.correiobraziliense.com.br\/servidor\/wp-json\/wp\/v2\/posts\/13175\/revisions\/13176"}],"wp:attachment":[{"href":"https:\/\/blogs.correiobraziliense.com.br\/servidor\/wp-json\/wp\/v2\/media?parent=13175"}],"wp:term":[{"taxonomy":"category","embeddable":true,"href":"https:\/\/blogs.correiobraziliense.com.br\/servidor\/wp-json\/wp\/v2\/categories?post=13175"},{"taxonomy":"post_tag","embeddable":true,"href":"https:\/\/blogs.correiobraziliense.com.br\/servidor\/wp-json\/wp\/v2\/tags?post=13175"}],"curies":[{"name":"wp","href":"https:\/\/api.w.org\/{rel}","templated":true}]}}