{"id":13167,"date":"2019-07-16T12:21:48","date_gmt":"2019-07-16T15:21:48","guid":{"rendered":"https:\/\/blogs.correiobraziliense.com.br\/servidor\/?p=13167"},"modified":"2019-07-16T12:21:48","modified_gmt":"2019-07-16T15:21:48","slug":"13-de-agosto-dia-nacional-de-luta-contra-a-reforma-da-previdencia","status":"publish","type":"post","link":"https:\/\/blogs.correiobraziliense.com.br\/servidor\/13-de-agosto-dia-nacional-de-luta-contra-a-reforma-da-previdencia\/","title":{"rendered":"13 de agosto &#8211; Dia Nacional de luta contra a Reforma da Previd\u00eancia"},"content":{"rendered":"<p><em>Na \u00faltima segunda-feira (15), Central \u00danica dos Trabalhadores (CUT) aprovou um calend\u00e1rio de luta e, para repetir as grandes mobiliza\u00e7\u00f5es que a CUT, demais centrais, UNE e movimentos sociais v\u00eam fazendo desde abril contra a PEC 06\/2019 e cortes na educa\u00e7\u00e3o, decidiu apoiar a mobiliza\u00e7\u00e3o da Confedera\u00e7\u00e3o Nacional dos Trabalhadores da Educa\u00e7\u00e3o (CNTE) no dia 13 de agosto, no Dia Nacional de Mobiliza\u00e7\u00e3o, Paralisa\u00e7\u00f5es, Assembleias e Greves Contra a Reforma da Previd\u00eancia, em Defesa da Educa\u00e7\u00e3o P\u00fablica e por Empregos<\/em><\/p>\n<p>S\u00e9rgio Nobre, secret\u00e1rio-geral da CUT, destacou que ficou claro nos debates que a press\u00e3o e a luta feitas at\u00e9 agora foram importantes para amenizar as &#8220;maldades do governo de Jair Bolsonaro (PSL) contra a classe trabalhadora, mas a reforma ainda t\u00eam pontos muito cru\u00e9is e a luta precisa continuar.\u00a0A gente n\u00e3o tem outro jeito de defender os direitos previdenci\u00e1rios do trabalhador e da trabalhadora a n\u00e3o ser lutar&#8221;, afirmou.<\/p>\n<p>\u201cE para fazer uma grande mobiliza\u00e7\u00e3o no dia 13 \u00e9 preciso manter o ritmo de press\u00e3o nos parlamentares em suas bases, nos munic\u00edpios onde eles moram e foram eleitos, nos aeroportos e no Congresso Nacional\u201d, refor\u00e7ou Nobre.\u00a0O dirigente disse, ainda, que \u00e9 preciso continuar intensificando a coleta de assinaturas para o abaixo-assinado contra a reforma da Previd\u00eancia porque \u00e9 uma ferramenta importante de di\u00e1logo com a popula\u00e7\u00e3o.<\/p>\n<p>Ele orientou que, nas conversas com a sociedade, os dirigentes e militantes n\u00e3o podem dizer apenas que a reforma da Previd\u00eancia \u00e9 ruim, tem de dar detalhes, exemplos de como as mudan\u00e7as podem afetar a vida de cada um.\u00a0\u201cTemos que falar sobre os pontos que afetam de fato a vida do povo, entre eles, a redu\u00e7\u00e3o do valor da pens\u00e3o das vi\u00favas\u201d.<\/p>\n<p>Os diretores e as diretoras das CUT\u2019s nos Estados e nos Ramos definiram o dia 13 de agosto como mobiliza\u00e7\u00e3o nacional, mas estar\u00e3o de olho e atentos na agenda do Congresso Nacional. Na avalia\u00e7\u00e3o deles, h\u00e1 uma disposi\u00e7\u00e3o dos parlamentares em votar a proposta de reforma da Previd\u00eancia de Bolsonaro (PSL) entre os dias 5 e 8 de agosto. A reforma precisa ser aprovada pela C\u00e2mara em dois turnos, antes de ir para o Senado. Na quarta-feira (10), foi aprovada em primeiro turno. O segundo turno ficou para depois do recesso.<\/p>\n<p>\u201cEstaremos de olho na movimenta\u00e7\u00e3o em Bras\u00edlia e prontos para qualquer mobiliza\u00e7\u00e3o contra a retirada de direitos dos trabalhadores e das trabalhadoras. E at\u00e9 agosto n\u00e3o sairemos das ruas nem das redes pressionando os deputados e deputadas para votar em defesa de uma aposentadoria digna para o povo\u201d, finalizou S\u00e9rgio Nobre.<\/p>\n<p><strong>Agenda de mobiliza\u00e7\u00e3o da CUT<\/strong><\/p>\n<p><strong>19 a 26 de julho<\/strong>: Plen\u00e1rias para discutir a reforma e mobiliza\u00e7\u00e3o das categorias para o dia 13 de agosto e outras a\u00e7\u00f5es contra a PEC que praticamente acaba com a aposentadoria.<\/p>\n<p><strong>29 de julho a 02 de agosto<\/strong>: Semana Nacional de Coleta de Assinaturas para o abaixo-assinado contra a reforma da Previd\u00eancia.<\/p>\n<p><strong>05 a 12 de agosto<\/strong>: atividades contra a reforma da Previd\u00eancia em suas bases, como assembleias nas portas de f\u00e1bricas, panfletagens, protestos, atos e panfletagens.<\/p>\n<p>&nbsp;<\/p>\n","protected":false},"excerpt":{"rendered":"<p>Na \u00faltima segunda-feira (15), Central \u00danica dos Trabalhadores (CUT) aprovou um calend\u00e1rio de luta e, para repetir as grandes mobiliza\u00e7\u00f5es que a CUT, demais centrais, UNE e movimentos sociais v\u00eam fazendo desde abril contra a PEC 06\/2019 e cortes na educa\u00e7\u00e3o, decidiu apoiar a mobiliza\u00e7\u00e3o da Confedera\u00e7\u00e3o Nacional dos Trabalhadores da Educa\u00e7\u00e3o (CNTE) no dia 13 de agosto, no Dia [&hellip;]<\/p>\n","protected":false},"author":27,"featured_media":0,"comment_status":"open","ping_status":"closed","sticky":false,"template":"","format":"standard","meta":{"footnotes":""},"categories":[2719],"tags":[15692,4611,1828,1101,2557,693,2395,999,15693,1133,619,48,497,268,545,2212,4553,9727],"class_list":["post-13167","post","type-post","status-publish","format-standard","hentry","category-servidor","tag-13-de-agosto","tag-abaixo-assinado","tag-calendario","tag-centrais-sindicais","tag-cnte","tag-congresso-nacional","tag-cortes","tag-cut","tag-dia-nacional","tag-dialogo","tag-direitos","tag-educacao","tag-mobilizacoes","tag-parlamentares","tag-populacao","tag-pressao","tag-previdenciarios","tag-reforma-da-previdencia"],"_links":{"self":[{"href":"https:\/\/blogs.correiobraziliense.com.br\/servidor\/wp-json\/wp\/v2\/posts\/13167","targetHints":{"allow":["GET"]}}],"collection":[{"href":"https:\/\/blogs.correiobraziliense.com.br\/servidor\/wp-json\/wp\/v2\/posts"}],"about":[{"href":"https:\/\/blogs.correiobraziliense.com.br\/servidor\/wp-json\/wp\/v2\/types\/post"}],"author":[{"embeddable":true,"href":"https:\/\/blogs.correiobraziliense.com.br\/servidor\/wp-json\/wp\/v2\/users\/27"}],"replies":[{"embeddable":true,"href":"https:\/\/blogs.correiobraziliense.com.br\/servidor\/wp-json\/wp\/v2\/comments?post=13167"}],"version-history":[{"count":1,"href":"https:\/\/blogs.correiobraziliense.com.br\/servidor\/wp-json\/wp\/v2\/posts\/13167\/revisions"}],"predecessor-version":[{"id":13168,"href":"https:\/\/blogs.correiobraziliense.com.br\/servidor\/wp-json\/wp\/v2\/posts\/13167\/revisions\/13168"}],"wp:attachment":[{"href":"https:\/\/blogs.correiobraziliense.com.br\/servidor\/wp-json\/wp\/v2\/media?parent=13167"}],"wp:term":[{"taxonomy":"category","embeddable":true,"href":"https:\/\/blogs.correiobraziliense.com.br\/servidor\/wp-json\/wp\/v2\/categories?post=13167"},{"taxonomy":"post_tag","embeddable":true,"href":"https:\/\/blogs.correiobraziliense.com.br\/servidor\/wp-json\/wp\/v2\/tags?post=13167"}],"curies":[{"name":"wp","href":"https:\/\/api.w.org\/{rel}","templated":true}]}}