{"id":13163,"date":"2019-07-16T10:54:49","date_gmt":"2019-07-16T13:54:49","guid":{"rendered":"https:\/\/blogs.correiobraziliense.com.br\/servidor\/?p=13163"},"modified":"2019-07-16T10:54:49","modified_gmt":"2019-07-16T13:54:49","slug":"sindicato-dos-bancarios-mp-881-impoe-trabalho-nos-finais-de-semana","status":"publish","type":"post","link":"https:\/\/blogs.correiobraziliense.com.br\/servidor\/sindicato-dos-bancarios-mp-881-impoe-trabalho-nos-finais-de-semana\/","title":{"rendered":"Sindicato dos Banc\u00e1rios &#8211; MP 881 imp\u00f5e trabalho nos finais de semana"},"content":{"rendered":"<p><em>Comiss\u00e3o do Senado aprova projeto do governo que imp\u00f5e aos banc\u00e1rios trabalho aos finais de semana. O relat\u00f3rio aprovado acaba tamb\u00e9m com obrigatoriedade das Cipas (Comiss\u00e3o Interna de Preven\u00e7\u00e3o de Acidentes) em cada unidade com mais de 20 funcion\u00e1rios, e das fiscaliza\u00e7\u00f5es de seguran\u00e7a no trabalho<\/em><\/p>\n<p>Deputado federal Jer\u00f4nimo Goergen (PP-RS), relator da \u201cMP da liberdade econ\u00f4mica\u201d conseguiu aproar, na comiss\u00e3o mista do Senado, o texto da Medida Provis\u00f3ria 881\/2019, mais conhecida como a &#8220;Declara\u00e7\u00e3o de Direitos de Liberdade Econ\u00f4mica&#8221;. A MP 881, segundo o sindicato, se transformou num Projeto de Lei de Convers\u00e3o (PLV) e versa agora sobre a retirada de direitos trabalhistas, impondo \u00e0 categoria banc\u00e1ria o trabalho permanente aos finais de semana, entre outros retrocessos.<\/p>\n<p>Inicialmente, a Medida Provis\u00f3ria 881\/2019 tratava de pontos restritos relativos \u00e0 \u201cliberdade econ\u00f4mica\u201d, mas acabou sofrendo enxertos e muta\u00e7\u00f5es por parte da bancada governista na Comiss\u00e3o Mista do Senado que analisava a mat\u00e9ria, se transformando assim num Projeto de Lei de Convers\u00e3o, praticamente uma nova reforma trabalhista.<\/p>\n<p>O relat\u00f3rio aprovado acaba tamb\u00e9m com obrigatoriedade das Cipas (Comiss\u00e3o Interna de Preven\u00e7\u00e3o de Acidentes) em cada unidade com mais de 20 funcion\u00e1rios, e das fiscaliza\u00e7\u00f5es de seguran\u00e7a no trabalho. &#8220;Se aprovado no Congresso, esse agora projeto de lei afetar\u00e1 diretamente os banc\u00e1rios, colocando em risco a sa\u00fade e as condi\u00e7\u00f5es de trabalho da categoria. Agora, o texto segue para o plen\u00e1rio da C\u00e2mara e depois para o plen\u00e1rio do Senado&#8221;, informa o sindicato.<\/p>\n<p>\u201cParece a hist\u00f3ria do Gremlins, em que um bichinho de pel\u00facia vira um mostrengo perigoso ap\u00f3s o contato com \u00e1gua. O governo fez uma manobra para transformar uma medida provis\u00f3ria de \u201cliberdade econ\u00f4mica\u201d num projeto de lei pra retirar direitos dos trabalhadores e acabar com o Fundo Soberano. A ideologia neoliberal que arrasou a Am\u00e9rica Latina na d\u00e9cada de 90 e mais recentemente a Argentina de Macri, est\u00e1 sendo repetida no Brasil de forma muito mais cruel. Vai reduzir sal\u00e1rios, precarizar, retirar direitos e, tal qual a reforma trabalhista de Temer, vai gerar mais desemprego e piorar a economia. Retirar direitos n\u00e3o \u00e9 o caminho para um pa\u00eds melhor. Por isso vamos ampliar a mobiliza\u00e7\u00e3o para barrar esse ataque\u201d, destaca o secret\u00e1rio de Assuntos Parlamentares do Sindicato, Ronaldo Lustosa.<\/p>\n<p>O Sindicato acompanhar\u00e1 todos os passos da tramita\u00e7\u00e3o deste projeto de lei e convoca todos os banc\u00e1rios e banc\u00e1rias a se mobilizar, avisa o dirigente.<\/p>\n","protected":false},"excerpt":{"rendered":"<p>Comiss\u00e3o do Senado aprova projeto do governo que imp\u00f5e aos banc\u00e1rios trabalho aos finais de semana. O relat\u00f3rio aprovado acaba tamb\u00e9m com obrigatoriedade das Cipas (Comiss\u00e3o Interna de Preven\u00e7\u00e3o de Acidentes) em cada unidade com mais de 20 funcion\u00e1rios, e das fiscaliza\u00e7\u00f5es de seguran\u00e7a no trabalho Deputado federal Jer\u00f4nimo Goergen (PP-RS), relator da \u201cMP da liberdade econ\u00f4mica\u201d conseguiu aproar, na [&hellip;]<\/p>\n","protected":false},"author":27,"featured_media":0,"comment_status":"open","ping_status":"closed","sticky":false,"template":"","format":"standard","meta":{"footnotes":""},"categories":[2719],"tags":[15691,1150,940,15690,5905,98,15285,3513,208,696,15689,261],"class_list":["post-13163","post","type-post","status-publish","format-standard","hentry","category-servidor","tag-cipa","tag-comissao","tag-fiscalizacao","tag-fnais-de-semana","tag-funcionario","tag-governo","tag-mp-881-2019","tag-retrocessos","tag-seguranca","tag-senado","tag-sindicatao-dos-bancarios","tag-trabalho"],"_links":{"self":[{"href":"https:\/\/blogs.correiobraziliense.com.br\/servidor\/wp-json\/wp\/v2\/posts\/13163","targetHints":{"allow":["GET"]}}],"collection":[{"href":"https:\/\/blogs.correiobraziliense.com.br\/servidor\/wp-json\/wp\/v2\/posts"}],"about":[{"href":"https:\/\/blogs.correiobraziliense.com.br\/servidor\/wp-json\/wp\/v2\/types\/post"}],"author":[{"embeddable":true,"href":"https:\/\/blogs.correiobraziliense.com.br\/servidor\/wp-json\/wp\/v2\/users\/27"}],"replies":[{"embeddable":true,"href":"https:\/\/blogs.correiobraziliense.com.br\/servidor\/wp-json\/wp\/v2\/comments?post=13163"}],"version-history":[{"count":1,"href":"https:\/\/blogs.correiobraziliense.com.br\/servidor\/wp-json\/wp\/v2\/posts\/13163\/revisions"}],"predecessor-version":[{"id":13164,"href":"https:\/\/blogs.correiobraziliense.com.br\/servidor\/wp-json\/wp\/v2\/posts\/13163\/revisions\/13164"}],"wp:attachment":[{"href":"https:\/\/blogs.correiobraziliense.com.br\/servidor\/wp-json\/wp\/v2\/media?parent=13163"}],"wp:term":[{"taxonomy":"category","embeddable":true,"href":"https:\/\/blogs.correiobraziliense.com.br\/servidor\/wp-json\/wp\/v2\/categories?post=13163"},{"taxonomy":"post_tag","embeddable":true,"href":"https:\/\/blogs.correiobraziliense.com.br\/servidor\/wp-json\/wp\/v2\/tags?post=13163"}],"curies":[{"name":"wp","href":"https:\/\/api.w.org\/{rel}","templated":true}]}}