{"id":1316,"date":"2016-03-17T12:35:26","date_gmt":"2016-03-17T15:35:26","guid":{"rendered":"https:\/\/blogs.correiobraziliense.com.br\/servidor\/?p=1316"},"modified":"2016-03-17T12:35:26","modified_gmt":"2016-03-17T15:35:26","slug":"ajufe-nota-publica-em-apoio-ao-juiz-federal-sergio-moro","status":"publish","type":"post","link":"https:\/\/blogs.correiobraziliense.com.br\/servidor\/ajufe-nota-publica-em-apoio-ao-juiz-federal-sergio-moro\/","title":{"rendered":"AJUFE &#8211; NOTA P\u00daBLICA EM APOIO AO JUIZ FEDERAL S\u00c9RGIO MORO"},"content":{"rendered":"<article>\n<div class=\"blococontainer\">\n<p>A Associa\u00e7\u00e3o dos Ju\u00edzes Federais do Brasil (Ajufe) vem a p\u00fablico manifestar total apoio ao juiz federal S\u00e9rgio Moro, titular da 13\u00aa Vara Federal de Curitiba, na condu\u00e7\u00e3o dos processos relacionados \u00e0 Opera\u00e7\u00e3o Lava Jato.<\/p>\n<p>O juiz federal S\u00e9rgio Moro retirou o sigilo do processo de intercepta\u00e7\u00e3o telef\u00f4nica deferido judicialmente \u2013 com concord\u00e2ncia do Minist\u00e9rio P\u00fablico Federal \u2013 em face do ex-presidente Lula, que revela di\u00e1logos de graves repercuss\u00f5es, inclusive com a presidente da Rep\u00fablica Dilma Rousseff.<\/p>\n<p>O artigo 5\u00ba, LX, da Constitui\u00e7\u00e3o Federal estabelece como princ\u00edpio a publicidade dos atos processuais. A prova resultante de intercepta\u00e7\u00e3o telef\u00f4nica s\u00f3 deve ser mantida em sigilo absoluto quando revelar conte\u00fado pessoal \u00edntimo dos investigados. Tal n\u00e3o acontece em situa\u00e7\u00f5es em que o conte\u00fado \u00e9 relevante para a apura\u00e7\u00e3o de supostas infra\u00e7\u00f5es penais, ainda mais quando atentem contra um dos Poderes, no caso o Judici\u00e1rio.<\/p>\n<p>\u201cNos termos da Constitui\u00e7\u00e3o, n\u00e3o h\u00e1 qualquer defesa de intimidade ou interesse social que justifiquem a manuten\u00e7\u00e3o do segredo em rela\u00e7\u00e3o a elementos probat\u00f3rios relacionados \u00e0 investiga\u00e7\u00e3o de crimes contra a Administra\u00e7\u00e3o P\u00fablica\u201d, diz a fundamenta\u00e7\u00e3o da decis\u00e3o do juiz federal S\u00e9rgio Moro.<\/p>\n<p>As decis\u00f5es tomadas pelo magistrado federal no curso deste processo foram fundamentadas e embasadas por ind\u00edcios e provas t\u00e9cnicas de autoria e materialidade, em conson\u00e2ncia com a legisla\u00e7\u00e3o penal e a Constitui\u00e7\u00e3o Federal, sempre respeitando o Estado de Direito. No exerc\u00edcio de suas atribui\u00e7\u00f5es constitucionais, o juiz federal S\u00e9rgio Moro tem demonstrado equil\u00edbrio e senso de justi\u00e7a.<\/p>\n<p>A Ajufe manifesta apoio irrestrito e confian\u00e7a no trabalho desenvolvido com responsabilidade pela Justi\u00e7a Federal no Paran\u00e1, pelo Tribunal Regional Federal da 4\u00aa Regi\u00e3o, bem como pelo Superior Tribunal de Justi\u00e7a e pelo Supremo Tribunal Federal \u2013 todas a partir da investiga\u00e7\u00e3o da Pol\u00edcia Federal, Receita Federal e do Minist\u00e9rio P\u00fablico Federal.<br \/>\nA Ajufe n\u00e3o vai admitir ataques pessoais de qualquer tipo, principalmente declara\u00e7\u00f5es que possam colocar em d\u00favida a lisura, a efici\u00eancia e a independ\u00eancia dos ju\u00edzes federais brasileiros.<\/p>\n<\/div>\n<\/article>\n","protected":false},"excerpt":{"rendered":"<p>A Associa\u00e7\u00e3o dos Ju\u00edzes Federais do Brasil (Ajufe) vem a p\u00fablico manifestar total apoio ao juiz federal S\u00e9rgio Moro, titular da 13\u00aa Vara Federal de Curitiba, na condu\u00e7\u00e3o dos processos relacionados \u00e0 Opera\u00e7\u00e3o Lava Jato. O juiz federal S\u00e9rgio Moro retirou o sigilo do processo de intercepta\u00e7\u00e3o telef\u00f4nica deferido judicialmente \u2013 com concord\u00e2ncia do Minist\u00e9rio P\u00fablico Federal \u2013 em face [&hellip;]<\/p>\n","protected":false},"author":27,"featured_media":0,"comment_status":"open","ping_status":"closed","sticky":false,"template":"","format":"standard","meta":{"footnotes":""},"categories":[1],"tags":[1405,792,429,37,1407,562,1406,1399],"class_list":["post-1316","post","type-post","status-publish","format-standard","hentry","category-sem-categoria","tag-ajufe","tag-apoio","tag-juiz","tag-nota","tag-operacao-lava-jato","tag-processos","tag-relacionados","tag-sergio-moro"],"_links":{"self":[{"href":"https:\/\/blogs.correiobraziliense.com.br\/servidor\/wp-json\/wp\/v2\/posts\/1316","targetHints":{"allow":["GET"]}}],"collection":[{"href":"https:\/\/blogs.correiobraziliense.com.br\/servidor\/wp-json\/wp\/v2\/posts"}],"about":[{"href":"https:\/\/blogs.correiobraziliense.com.br\/servidor\/wp-json\/wp\/v2\/types\/post"}],"author":[{"embeddable":true,"href":"https:\/\/blogs.correiobraziliense.com.br\/servidor\/wp-json\/wp\/v2\/users\/27"}],"replies":[{"embeddable":true,"href":"https:\/\/blogs.correiobraziliense.com.br\/servidor\/wp-json\/wp\/v2\/comments?post=1316"}],"version-history":[{"count":1,"href":"https:\/\/blogs.correiobraziliense.com.br\/servidor\/wp-json\/wp\/v2\/posts\/1316\/revisions"}],"predecessor-version":[{"id":1317,"href":"https:\/\/blogs.correiobraziliense.com.br\/servidor\/wp-json\/wp\/v2\/posts\/1316\/revisions\/1317"}],"wp:attachment":[{"href":"https:\/\/blogs.correiobraziliense.com.br\/servidor\/wp-json\/wp\/v2\/media?parent=1316"}],"wp:term":[{"taxonomy":"category","embeddable":true,"href":"https:\/\/blogs.correiobraziliense.com.br\/servidor\/wp-json\/wp\/v2\/categories?post=1316"},{"taxonomy":"post_tag","embeddable":true,"href":"https:\/\/blogs.correiobraziliense.com.br\/servidor\/wp-json\/wp\/v2\/tags?post=1316"}],"curies":[{"name":"wp","href":"https:\/\/api.w.org\/{rel}","templated":true}]}}