{"id":13157,"date":"2019-07-13T20:48:54","date_gmt":"2019-07-13T23:48:54","guid":{"rendered":"https:\/\/blogs.correiobraziliense.com.br\/servidor\/?p=13157"},"modified":"2019-07-13T20:48:54","modified_gmt":"2019-07-13T23:48:54","slug":"encontro-internacional-reunira-pesquisadores-e-estudiosos-da-algebra-comutativa-em-sao-carlos","status":"publish","type":"post","link":"https:\/\/blogs.correiobraziliense.com.br\/servidor\/encontro-internacional-reunira-pesquisadores-e-estudiosos-da-algebra-comutativa-em-sao-carlos\/","title":{"rendered":"Encontro internacional reunir\u00e1 pesquisadores e estudiosos da \u00e1lgebra comutativa em S\u00e3o Carlos"},"content":{"rendered":"<div><span style=\"color: #000000\"><i> O evento celebrar\u00e1 o anivers\u00e1rio dos pesquisadores Sylvia e Roger Wiegand, da Universidade de Nebraska-Lincoln. A taxa de inscri\u00e7\u00e3o varia de US$ 150 (para pesquisadores estrangeiros) at\u00e9 R$ 85 (para estudantes de gradua\u00e7\u00e3o brasileiros)<\/i><\/span><\/div>\n<div><span style=\"color: #000000\"><i>\u00a0<\/i><\/span><\/div>\n<div>\n<div>Refer\u00eancia mundial nos estudos da \u00e1lgebra comutativa, os professores Sylvia e Roger Wiegand, da Universidade de Nebraska-Lincoln, dos Estados Unidos, ser\u00e3o homenageados na segunda edi\u00e7\u00e3o do <em><a title=\"\" href=\"https:\/\/simcara.wixsite.com\/2imcara\" target=\"_blank\" rel=\"noopener noreferrer\">International Meeting in Commutative Algebra and its Related Areas (IMCARA<\/a><\/em>), no Instituto de Ci\u00eancias Matem\u00e1ticas e de Computa\u00e7\u00e3o (ICMC) da USP, em S\u00e3o Carlos, de 22 a 26 de julho.<\/div>\n<div><\/div>\n<div>O encontro tem como objetivo contribuir para a forma\u00e7\u00e3o de mais pesquisadores nesta \u00e1rea do conhecimento no Brasil e na Am\u00e9rica Latina, criando uma atmosfera oportuna de coopera\u00e7\u00e3o, de acordo com o ICMC. As atividades acontecer\u00e3o no audit\u00f3rio Fern\u00e3o Stella de Rodrigues Germano, no bloco 6 do ICMC. Est\u00e3o previstos tr\u00eas minicursos, uma sess\u00e3o de p\u00f4steres e\u00a0 de 12 plen\u00e1rias, uma delas ministrada pelo homenageado da <em><a title=\"\" href=\"https:\/\/www.icmc.usp.br\/noticias\/2982-encontro-internacional-de-algebra-homenageara-pesquisador-brasileiro-na-usp-em-sao-carlos\" target=\"_blank\" rel=\"noopener noreferrer\">primeira edi\u00e7\u00e3o<\/a><\/em>, o professor em\u00e9rito <em><a title=\"\" href=\"https:\/\/www.youtube.com\/playlist?list=PLFiAN59_klOjfNyYFdhrEiOuEZRT0stg4\" target=\"_blank\" rel=\"noopener noreferrer\">Aron Simis<\/a><\/em>, da Universidade Federal de Pernambuco.<\/div>\n<div><\/div>\n<div>As inscri\u00e7\u00f5es podem ser feitas at\u00e9 o primeiro dia do evento por formul\u00e1rio eletr\u00f4nico: <em><a title=\"\" href=\"http:\/\/icmc.usp.br\/e\/f750b\" target=\"_blank\" rel=\"noopener\">icmc.usp.br\/e\/f750b<\/a><\/em>. A taxa de inscri\u00e7\u00e3o varia de US$ 150 (para pesquisadores estrangeiros) at\u00e9 R$ 85 (para estudantes de gradua\u00e7\u00e3o brasileiros). Para conferir os valores exatos, acesse o site do evento: <em><a title=\"\" href=\"http:\/\/simcara.wixsite.com\/2imcara\" target=\"_blank\" rel=\"noopener\">simcara.wixsite.com\/2imcara<\/a><\/em>.<\/div>\n<div><\/div>\n<div><b>Os homenageados<\/b><\/div>\n<div>A homenagem \u00e9 um reconhecimento \u00e0s pesquisas na \u00e1rea de \u00e1lgebra comutativa dos professores Sylvia e Roger. Os dois t\u00eam contribui\u00e7\u00f5es significativas para o crescimento do Grupo de \u00c1lgebra Comutativa do ICMC. \u201cPor exemplo, recentemente Roger, Sylvia e eu estamos desenvolvendo projetos de pesquisa em conjunto\u201d, ressaltou o professor Victor Hugo Jorge P\u00e9rez, um dos coordenadores do evento.<\/div>\n<div><\/div>\n<div>Filha e neta de matem\u00e1ticos, Sylvia \u00e9 professora em\u00e9rita da Universidade de Nebraska-Lincoln, autora de 53 artigos e tem mais de 300 cita\u00e7\u00f5es. Trabalhou na edi\u00e7\u00e3o de renomados peri\u00f3dicos internacionais e faz parte da publica\u00e7\u00e3o <i>Notable Women in Mathematics: A Biographical Dictionary<\/i>, al\u00e9m de ter presidido a Association for Women in Mathematics entre 1997 e 2000. Com atua\u00e7\u00e3o constante pela representatividade das mulheres na matem\u00e1tica, foi agraciada com o pr\u00eamio <i>University of Nebraska\u2019s Outstanding Contribution to the Status of Women Award<\/i>, em 2000.<\/div>\n<div><\/div>\n<div>Tamb\u00e9m professor em\u00e9rito da Universidade de Nebraska-Lincoln, Roger \u00e9 citado em mais de 900 publica\u00e7\u00f5es, al\u00e9m de ser autor de 82 artigos e coautor, com seu aluno Graham Leuschke, do livro <i>Cohen-Macaulay Representation<\/i>, publicado pela American Mathematical Society em 2012. Editor associado do Journal of Commutative Algebra, \u00e9 colaborador da Simons Foundation, organiza\u00e7\u00e3o voltada para a pesquisa avan\u00e7ada em matem\u00e1tica e ci\u00eancias b\u00e1sicas.<\/div>\n<div><\/div>\n<div>O Encontro Internacional de \u00c1lgebra Comutativa e \u00c1reas Correlatas (IMCARA 2019) tem o apoio da Funda\u00e7\u00e3o de Amparo \u00e0 Pesquisa do Estado de S\u00e3o Paulo (Fapesp), do Conselho Nacional de Desenvolvimento Cient\u00edfico e Tecnol\u00f3gico (CNPq), da Coordena\u00e7\u00e3o de Aperfei\u00e7oamento de Pessoal de N\u00edvel Superior (Capes), do Instituto Nacional de Ci\u00eancias e Tecnologia de Matem\u00e1tica (INCTMat) e do departamento de Ci\u00eancias Matem\u00e1ticas do Instituto Polit\u00e9cnico de Turim (Politecnico di Torino).<\/div>\n<div><\/div>\n<div>Fonte: Assessoria de Comunica\u00e7\u00e3o do ICMC\/USP<\/div>\n<\/div>\n","protected":false},"excerpt":{"rendered":"<p>O evento celebrar\u00e1 o anivers\u00e1rio dos pesquisadores Sylvia e Roger Wiegand, da Universidade de Nebraska-Lincoln. A taxa de inscri\u00e7\u00e3o varia de US$ 150 (para pesquisadores estrangeiros) at\u00e9 R$ 85 (para estudantes de gradua\u00e7\u00e3o brasileiros) \u00a0 Refer\u00eancia mundial nos estudos da \u00e1lgebra comutativa, os professores Sylvia e Roger Wiegand, da Universidade de Nebraska-Lincoln, dos Estados Unidos, ser\u00e3o homenageados na segunda edi\u00e7\u00e3o [&hellip;]<\/p>\n","protected":false},"author":27,"featured_media":0,"comment_status":"open","ping_status":"closed","sticky":false,"template":"","format":"standard","meta":{"footnotes":""},"categories":[2719],"tags":[15679,2488,2874,2627,1163,3617,15680,14274,1291,1071,7816,1300,15681],"class_list":["post-13157","post","type-post","status-publish","format-standard","hentry","category-servidor","tag-algebra-comutativa","tag-contribuicoes","tag-encontro","tag-estrangeiros","tag-estudantes","tag-estudiosos","tag-homenageados","tag-icmc-usp","tag-inscricao","tag-internacional","tag-pesquisadores","tag-projetos","tag-universidade-de-nebraska-lincoln"],"_links":{"self":[{"href":"https:\/\/blogs.correiobraziliense.com.br\/servidor\/wp-json\/wp\/v2\/posts\/13157","targetHints":{"allow":["GET"]}}],"collection":[{"href":"https:\/\/blogs.correiobraziliense.com.br\/servidor\/wp-json\/wp\/v2\/posts"}],"about":[{"href":"https:\/\/blogs.correiobraziliense.com.br\/servidor\/wp-json\/wp\/v2\/types\/post"}],"author":[{"embeddable":true,"href":"https:\/\/blogs.correiobraziliense.com.br\/servidor\/wp-json\/wp\/v2\/users\/27"}],"replies":[{"embeddable":true,"href":"https:\/\/blogs.correiobraziliense.com.br\/servidor\/wp-json\/wp\/v2\/comments?post=13157"}],"version-history":[{"count":1,"href":"https:\/\/blogs.correiobraziliense.com.br\/servidor\/wp-json\/wp\/v2\/posts\/13157\/revisions"}],"predecessor-version":[{"id":13158,"href":"https:\/\/blogs.correiobraziliense.com.br\/servidor\/wp-json\/wp\/v2\/posts\/13157\/revisions\/13158"}],"wp:attachment":[{"href":"https:\/\/blogs.correiobraziliense.com.br\/servidor\/wp-json\/wp\/v2\/media?parent=13157"}],"wp:term":[{"taxonomy":"category","embeddable":true,"href":"https:\/\/blogs.correiobraziliense.com.br\/servidor\/wp-json\/wp\/v2\/categories?post=13157"},{"taxonomy":"post_tag","embeddable":true,"href":"https:\/\/blogs.correiobraziliense.com.br\/servidor\/wp-json\/wp\/v2\/tags?post=13157"}],"curies":[{"name":"wp","href":"https:\/\/api.w.org\/{rel}","templated":true}]}}