{"id":13153,"date":"2019-07-13T14:45:51","date_gmt":"2019-07-13T17:45:51","guid":{"rendered":"https:\/\/blogs.correiobraziliense.com.br\/servidor\/?p=13153"},"modified":"2019-07-13T14:45:51","modified_gmt":"2019-07-13T17:45:51","slug":"associacao-dos-diplomatas-brasileiros-nota-publica-2","status":"publish","type":"post","link":"https:\/\/blogs.correiobraziliense.com.br\/servidor\/associacao-dos-diplomatas-brasileiros-nota-publica-2\/","title":{"rendered":"Associa\u00e7\u00e3o dos Diplomatas Brasileiros &#8211; Nota P\u00fablica"},"content":{"rendered":"<p><em>Por meio de nota, a ADB informa que, &#8220;embora ciente das prerrogativas presidenciais na nomea\u00e7\u00e3o de seus representantes diplom\u00e1ticos, a ADB recorda que os quadros do Itamaraty contam com profissionais de excel\u00eancia, altamente qualificados para assumir quaisquer embaixadas no exterior&#8221;<\/em><\/p>\n<p>Veja a nota:<\/p>\n<p>&#8220;A Associa\u00e7\u00e3o dos Diplomatas Brasileiros (ADB) recorda que, atualmente, mais de 1.500 diplomatas representam o Pa\u00eds e defendem os interesses nacionais nas embaixadas, consulados e delega\u00e7\u00f5es junto a organismos internacionais, al\u00e9m de trabalharem em diversos \u00f3rg\u00e3os do governo federal \u2014 inclusive na Presid\u00eancia da Rep\u00fablica -, nos quais se encontram, hoje, mais de sessenta diplomatas cedidos.<\/p>\n<p>Os diplomatas atuam em quest\u00f5es fundamentais nas \u00e1reas cultural, ambiental, econ\u00f4mica, comercial, prote\u00e7\u00e3o e defesa dos direitos humanos, coopera\u00e7\u00e3o, paz e seguran\u00e7a internacionais, dentre outras.<\/p>\n<p>Iniciamos a carreira com uma forma\u00e7\u00e3o ampla e consistente, por meio de um dos concursos mais rigorosos da administra\u00e7\u00e3o p\u00fablica, proporcional \u00e0s exig\u00eancias da atua\u00e7\u00e3o que precisamos ter dentro e fora do Pa\u00eds.<\/p>\n<p>Embora ciente das prerrogativas presidenciais na nomea\u00e7\u00e3o de seus representantes diplom\u00e1ticos, a ADB recorda que os quadros do Itamaraty contam com profissionais de excel\u00eancia, altamente qualificados para assumir quaisquer embaixadas no exterior.<\/p>\n<p>H\u00e1 mais de 100 anos os diplomatas brasileiros t\u00eam a constru\u00e7\u00e3o da imagem e do desenvolvimento do Pa\u00eds como seu objetivo maior, pelo qual norteiam, todos os dias, o seu desempenho. Esse \u00e9 o papel para o qual foram e continuam sendo diligentemente treinados e preparados.<\/p>\n<p>Associa\u00e7\u00e3o dos Diplomatas do Brasil&#8221;<\/p>\n","protected":false},"excerpt":{"rendered":"<p>Por meio de nota, a ADB informa que, &#8220;embora ciente das prerrogativas presidenciais na nomea\u00e7\u00e3o de seus representantes diplom\u00e1ticos, a ADB recorda que os quadros do Itamaraty contam com profissionais de excel\u00eancia, altamente qualificados para assumir quaisquer embaixadas no exterior&#8221; Veja a nota: &#8220;A Associa\u00e7\u00e3o dos Diplomatas Brasileiros (ADB) recorda que, atualmente, mais de 1.500 diplomatas representam o Pa\u00eds e [&hellip;]<\/p>\n","protected":false},"author":27,"featured_media":0,"comment_status":"open","ping_status":"closed","sticky":false,"template":"","format":"standard","meta":{"footnotes":""},"categories":[2719],"tags":[11865,2501,15670,9614,7768,580,1869,307,1309,13523,1075,7908,1765],"class_list":["post-13153","post","type-post","status-publish","format-standard","hentry","category-servidor","tag-adb","tag-diplomatas","tag-diplomaticos","tag-embaixadas","tag-excelencia","tag-exterior","tag-itamaraty","tag-nomeacao","tag-prerrogativas","tag-presidenciais","tag-profissionais","tag-quadros","tag-representantes"],"_links":{"self":[{"href":"https:\/\/blogs.correiobraziliense.com.br\/servidor\/wp-json\/wp\/v2\/posts\/13153","targetHints":{"allow":["GET"]}}],"collection":[{"href":"https:\/\/blogs.correiobraziliense.com.br\/servidor\/wp-json\/wp\/v2\/posts"}],"about":[{"href":"https:\/\/blogs.correiobraziliense.com.br\/servidor\/wp-json\/wp\/v2\/types\/post"}],"author":[{"embeddable":true,"href":"https:\/\/blogs.correiobraziliense.com.br\/servidor\/wp-json\/wp\/v2\/users\/27"}],"replies":[{"embeddable":true,"href":"https:\/\/blogs.correiobraziliense.com.br\/servidor\/wp-json\/wp\/v2\/comments?post=13153"}],"version-history":[{"count":1,"href":"https:\/\/blogs.correiobraziliense.com.br\/servidor\/wp-json\/wp\/v2\/posts\/13153\/revisions"}],"predecessor-version":[{"id":13154,"href":"https:\/\/blogs.correiobraziliense.com.br\/servidor\/wp-json\/wp\/v2\/posts\/13153\/revisions\/13154"}],"wp:attachment":[{"href":"https:\/\/blogs.correiobraziliense.com.br\/servidor\/wp-json\/wp\/v2\/media?parent=13153"}],"wp:term":[{"taxonomy":"category","embeddable":true,"href":"https:\/\/blogs.correiobraziliense.com.br\/servidor\/wp-json\/wp\/v2\/categories?post=13153"},{"taxonomy":"post_tag","embeddable":true,"href":"https:\/\/blogs.correiobraziliense.com.br\/servidor\/wp-json\/wp\/v2\/tags?post=13153"}],"curies":[{"name":"wp","href":"https:\/\/api.w.org\/{rel}","templated":true}]}}