{"id":13151,"date":"2019-07-13T14:41:24","date_gmt":"2019-07-13T17:41:24","guid":{"rendered":"https:\/\/blogs.correiobraziliense.com.br\/servidor\/?p=13151"},"modified":"2019-07-13T14:41:24","modified_gmt":"2019-07-13T17:41:24","slug":"ascema-nacional-qual-o-real-objetivo-do-aparelhamento-do-icmbio-com-policiais-militares-e-as-recentes-arbitrariedades-contra-os-servidores-ambientais","status":"publish","type":"post","link":"https:\/\/blogs.correiobraziliense.com.br\/servidor\/ascema-nacional-qual-o-real-objetivo-do-aparelhamento-do-icmbio-com-policiais-militares-e-as-recentes-arbitrariedades-contra-os-servidores-ambientais\/","title":{"rendered":"Ascema Nacional: Qual o real objetivo do aparelhamento do ICMBio com policiais militares e as recentes arbitrariedades contra os servidores ambientais?"},"content":{"rendered":"<p><em>\u00c9 com grande preocupa\u00e7\u00e3o que a Associa\u00e7\u00e3o Nacional dos Servidores Ambientais (Ascema) observa a marcha de arbitrariedades cometidas pelo atual governo em uma pasta t\u00e3o importante como a do meio ambiente, destaca, em carta aberta, a associa\u00e7\u00e3o<\/em><\/p>\n<p>A Ascema lembra que, no final de junho, um comunicado assinado pelo capit\u00e3o Marcos Aur\u00e9lio Venancio, diretor de Pesquisa, Avalia\u00e7\u00e3o e Monitoramento da Biodiversidade do ICMBio, <a href=\"https:\/\/oglobo.globo.com\/sociedade\/icmbio-solicita-policiais-militares-para-administrar-unidades-de-conservacao-23770976\" target=\"_blank\" rel=\"noopener\">solicita policiais militares para administrar unidades de conserva\u00e7\u00e3o<\/a>. &#8220;E o que dizer da <a href=\"https:\/\/sustentabilidade.estadao.com.br\/noticias\/geral,salles-atende-bancada-do-agronegocio-e-coloca-produtora-rural-para-cuidar-de-parque-do-icmbio,70002919757\" target=\"_blank\" rel=\"noopener\">nomea\u00e7\u00e3o da filha de um produtor rural para chefiar o Parque Nacional da Lagoa do Peixe<\/a>, no RS, feita hoje por Salles? Os dois fatos violam os princ\u00edpios de impessoalidade, moralidade, efici\u00eancia e transfer\u00eancia na gest\u00e3o p\u00fablica e o pr\u00f3prio decreto do governo que define crit\u00e9rios para nomea\u00e7\u00e3o de cargos comissionados&#8221;, ressalta o documento.<\/p>\n<p>Leia a carta na \u00edntegra: <a href=\"http:\/\/www.ascemanacional.org.br\/wp-content\/uploads\/2019\/07\/o_que_esta_acontecendo_politica_ambiental.pdf\" target=\"_blank\" rel=\"noopener\">O que est\u00e1 acontecendo com a pol\u00edtica ambiental brasileira?<\/a><\/p>\n","protected":false},"excerpt":{"rendered":"<p>\u00c9 com grande preocupa\u00e7\u00e3o que a Associa\u00e7\u00e3o Nacional dos Servidores Ambientais (Ascema) observa a marcha de arbitrariedades cometidas pelo atual governo em uma pasta t\u00e3o importante como a do meio ambiente, destaca, em carta aberta, a associa\u00e7\u00e3o A Ascema lembra que, no final de junho, um comunicado assinado pelo capit\u00e3o Marcos Aur\u00e9lio Venancio, diretor de Pesquisa, Avalia\u00e7\u00e3o e Monitoramento da [&hellip;]<\/p>\n","protected":false},"author":27,"featured_media":0,"comment_status":"open","ping_status":"closed","sticky":false,"template":"","format":"standard","meta":{"footnotes":""},"categories":[2719],"tags":[8886,15001,98,12378,2602,51,307,110,58],"class_list":["post-13151","post","type-post","status-publish","format-standard","hentry","category-servidor","tag-aparelhamento","tag-ascema-nacional","tag-governo","tag-icmbio","tag-meio-ambiente","tag-militares","tag-nomeacao","tag-policiais","tag-servidores"],"_links":{"self":[{"href":"https:\/\/blogs.correiobraziliense.com.br\/servidor\/wp-json\/wp\/v2\/posts\/13151","targetHints":{"allow":["GET"]}}],"collection":[{"href":"https:\/\/blogs.correiobraziliense.com.br\/servidor\/wp-json\/wp\/v2\/posts"}],"about":[{"href":"https:\/\/blogs.correiobraziliense.com.br\/servidor\/wp-json\/wp\/v2\/types\/post"}],"author":[{"embeddable":true,"href":"https:\/\/blogs.correiobraziliense.com.br\/servidor\/wp-json\/wp\/v2\/users\/27"}],"replies":[{"embeddable":true,"href":"https:\/\/blogs.correiobraziliense.com.br\/servidor\/wp-json\/wp\/v2\/comments?post=13151"}],"version-history":[{"count":1,"href":"https:\/\/blogs.correiobraziliense.com.br\/servidor\/wp-json\/wp\/v2\/posts\/13151\/revisions"}],"predecessor-version":[{"id":13152,"href":"https:\/\/blogs.correiobraziliense.com.br\/servidor\/wp-json\/wp\/v2\/posts\/13151\/revisions\/13152"}],"wp:attachment":[{"href":"https:\/\/blogs.correiobraziliense.com.br\/servidor\/wp-json\/wp\/v2\/media?parent=13151"}],"wp:term":[{"taxonomy":"category","embeddable":true,"href":"https:\/\/blogs.correiobraziliense.com.br\/servidor\/wp-json\/wp\/v2\/categories?post=13151"},{"taxonomy":"post_tag","embeddable":true,"href":"https:\/\/blogs.correiobraziliense.com.br\/servidor\/wp-json\/wp\/v2\/tags?post=13151"}],"curies":[{"name":"wp","href":"https:\/\/api.w.org\/{rel}","templated":true}]}}