{"id":13149,"date":"2019-07-13T14:31:34","date_gmt":"2019-07-13T17:31:34","guid":{"rendered":"https:\/\/blogs.correiobraziliense.com.br\/servidor\/?p=13149"},"modified":"2019-07-13T14:31:34","modified_gmt":"2019-07-13T17:31:34","slug":"reforma-da-previdencia-associacoes-denunciam-quebra-da-simetria-federativa","status":"publish","type":"post","link":"https:\/\/blogs.correiobraziliense.com.br\/servidor\/reforma-da-previdencia-associacoes-denunciam-quebra-da-simetria-federativa\/","title":{"rendered":"Reforma da Previd\u00eancia: associa\u00e7\u00f5es denunciam quebra da simetria federativa"},"content":{"rendered":"<p><em>Em nota, Anamatra, Ajufe, ANPR e ANPT criticam exclus\u00e3o de Estados e munic\u00edpios da PEC 6\/2019<\/em><\/p>\n<p>A Associa\u00e7\u00e3o Nacional dos Magistrados da Justi\u00e7a do Trabalho (Anamatra), juntamente com a Associa\u00e7\u00e3o do Ju\u00edzes Federais do Brasil (Ajufe), a Associa\u00e7\u00e3o Nacional dos Procuradores da Rep\u00fablica (ANPR) e a Associa\u00e7\u00e3o Nacional dos Procuradores do Trabalho (ANPT), divulgaram nota p\u00fablica criticando a aprova\u00e7\u00e3o em primeiro turno da reforma da Previd\u00eancia (PEC 6\/2019), ontem (12\/7).<\/p>\n<p>Diante do teor do texto aprovado, as associa\u00e7\u00f5es real\u00e7am as injusti\u00e7as contra os segurados do regime geral e os agentes p\u00fablicos federais civis, que est\u00e3o suportando, de maneira desproporcional, toda a carga do pretendido ajuste. \u201cA exclus\u00e3o de Estados e Munic\u00edpios, alguns sabidamente respons\u00e1veis por significativo d\u00e9ficit previdenci\u00e1rio e graves desequil\u00edbrios financeiros, \u00e9 injustificada e inaceit\u00e1vel, sobretudo em raz\u00e3o da quebra da simetria federativa\u2019\u2019, apontam.<\/p>\n<p>As associa\u00e7\u00f5es informam, ainda, que continuar\u00e3o dialogando com as duas Casas do Congresso Nacional, no intuito de aperfei\u00e7oar o projeto e corrigir as injusti\u00e7as do texto atual, especialmente a falta de isonomia de tratamento entre os benefici\u00e1rios da Previd\u00eancia, principal premissa da reforma apresentada.<\/p>\n<p>A aprecia\u00e7\u00e3o da PEC em segundo turno pelo Plen\u00e1rio da C\u00e2mara est\u00e1 prevista para acontecer no dia 6 de agosto, ap\u00f3s o recesso parlamentar.<\/p>\n<p>Confira a <a href=\"https:\/\/www.anamatra.org.br\/images\/DOCUMENTOS\/Reforma_Previdencia.pdf\">\u00edntegra da nota<\/a><\/p>\n","protected":false},"excerpt":{"rendered":"<p>Em nota, Anamatra, Ajufe, ANPR e ANPT criticam exclus\u00e3o de Estados e munic\u00edpios da PEC 6\/2019 A Associa\u00e7\u00e3o Nacional dos Magistrados da Justi\u00e7a do Trabalho (Anamatra), juntamente com a Associa\u00e7\u00e3o do Ju\u00edzes Federais do Brasil (Ajufe), a Associa\u00e7\u00e3o Nacional dos Procuradores da Rep\u00fablica (ANPR) e a Associa\u00e7\u00e3o Nacional dos Procuradores do Trabalho (ANPT), divulgaram nota p\u00fablica criticando a aprova\u00e7\u00e3o em [&hellip;]<\/p>\n","protected":false},"author":27,"featured_media":0,"comment_status":"open","ping_status":"closed","sticky":false,"template":"","format":"standard","meta":{"footnotes":""},"categories":[2719],"tags":[229,1405,1408,4959,4218,1497,693,943,944,14771,24,9727,15600,522,58],"class_list":["post-13149","post","type-post","status-publish","format-standard","hentry","category-servidor","tag-agentes","tag-ajufe","tag-anamatra","tag-anpr","tag-anpt","tag-aprovacao","tag-congresso-nacional","tag-estados","tag-municipios","tag-pec-06-2019","tag-publicos","tag-reforma-da-previdencia","tag-regime-geral","tag-segurados","tag-servidores"],"_links":{"self":[{"href":"https:\/\/blogs.correiobraziliense.com.br\/servidor\/wp-json\/wp\/v2\/posts\/13149","targetHints":{"allow":["GET"]}}],"collection":[{"href":"https:\/\/blogs.correiobraziliense.com.br\/servidor\/wp-json\/wp\/v2\/posts"}],"about":[{"href":"https:\/\/blogs.correiobraziliense.com.br\/servidor\/wp-json\/wp\/v2\/types\/post"}],"author":[{"embeddable":true,"href":"https:\/\/blogs.correiobraziliense.com.br\/servidor\/wp-json\/wp\/v2\/users\/27"}],"replies":[{"embeddable":true,"href":"https:\/\/blogs.correiobraziliense.com.br\/servidor\/wp-json\/wp\/v2\/comments?post=13149"}],"version-history":[{"count":1,"href":"https:\/\/blogs.correiobraziliense.com.br\/servidor\/wp-json\/wp\/v2\/posts\/13149\/revisions"}],"predecessor-version":[{"id":13150,"href":"https:\/\/blogs.correiobraziliense.com.br\/servidor\/wp-json\/wp\/v2\/posts\/13149\/revisions\/13150"}],"wp:attachment":[{"href":"https:\/\/blogs.correiobraziliense.com.br\/servidor\/wp-json\/wp\/v2\/media?parent=13149"}],"wp:term":[{"taxonomy":"category","embeddable":true,"href":"https:\/\/blogs.correiobraziliense.com.br\/servidor\/wp-json\/wp\/v2\/categories?post=13149"},{"taxonomy":"post_tag","embeddable":true,"href":"https:\/\/blogs.correiobraziliense.com.br\/servidor\/wp-json\/wp\/v2\/tags?post=13149"}],"curies":[{"name":"wp","href":"https:\/\/api.w.org\/{rel}","templated":true}]}}