{"id":1314,"date":"2016-03-17T11:52:53","date_gmt":"2016-03-17T14:52:53","guid":{"rendered":"https:\/\/blogs.correiobraziliense.com.br\/servidor\/?p=1314"},"modified":"2016-03-17T11:52:53","modified_gmt":"2016-03-17T14:52:53","slug":"adpf-nota-publica","status":"publish","type":"post","link":"https:\/\/blogs.correiobraziliense.com.br\/servidor\/adpf-nota-publica\/","title":{"rendered":"ADPF &#8211; NOTA P\u00daBLICA"},"content":{"rendered":"<h4>A ADPF j\u00e1 havia alertado sobre o risco de interfer\u00eancia pol\u00edtica na Pol\u00edcia Federal em raz\u00e3o da falta de autonomia da institui\u00e7\u00e3o<\/h4>\n<p>Os delegados de Pol\u00edcia Federal, representados pela Associa\u00e7\u00e3o Nacional dos Delegados de Pol\u00edcia Federal (ADPF), v\u00eam a p\u00fablico manifestar total indigna\u00e7\u00e3o e repulsa diante dos trechos, revelados pela imprensa, da conversa entre o ex-presidente da Rep\u00fablica, Luiz In\u00e1cio Lula da Silva, a respeito do subprocurador-geral da Rep\u00fablica, Eug\u00eanio de Arag\u00e3o, rec\u00e9m-nomeado para o cargo de ministro de Estado da Justi\u00e7a.<\/p>\n<p>Na grava\u00e7\u00e3o, j\u00e1 tornada p\u00fablica pela 13\u00aa Vara da Justi\u00e7a Federal de Curitiba, fica claro a inten\u00e7\u00e3o de que o nomeado interfira nas a\u00e7\u00f5es da Pol\u00edcia Federal.<\/p>\n<p>\u00c9 lament\u00e1vel constatar que atos de inger\u00eancia pol\u00edtica est\u00e3o em curso para impedir a continuidade de uma das mais importantes investiga\u00e7\u00f5es em curso no pa\u00eds.<\/p>\n<p>A Associa\u00e7\u00e3o Nacional dos Delegados de Pol\u00edcia Federal j\u00e1 havia alertado sobre o risco de interfer\u00eancia pol\u00edtica na Pol\u00edcia Federal em raz\u00e3o da falta de autonomia da institui\u00e7\u00e3o. Restou comprometida, desta forma, a indica\u00e7\u00e3o de Eug\u00eanio Arag\u00e3o para o cargo de ministro da Justi\u00e7a, diante da demonstra\u00e7\u00e3o de que sua indica\u00e7\u00e3o teve por finalidade controlar as a\u00e7\u00f5es da Pol\u00edcia Federal.<\/p>\n<p>Ante esses estarrecedores fatos, reiteramos urg\u00eancia da aprova\u00e7\u00e3o da Proposta de Emenda Constitucional 412\/2009 (PEC 412\/2009), que estabelece a autonomia para a Pol\u00edcia Federal, garantindo que continuar\u00e1 a atuar de forma republicana e firme no combate ao crime organizado e \u00e0 corrup\u00e7\u00e3o.<\/p>\n","protected":false},"excerpt":{"rendered":"<p>A ADPF j\u00e1 havia alertado sobre o risco de interfer\u00eancia pol\u00edtica na Pol\u00edcia Federal em raz\u00e3o da falta de autonomia da institui\u00e7\u00e3o Os delegados de Pol\u00edcia Federal, representados pela Associa\u00e7\u00e3o Nacional dos Delegados de Pol\u00edcia Federal (ADPF), v\u00eam a p\u00fablico manifestar total indigna\u00e7\u00e3o e repulsa diante dos trechos, revelados pela imprensa, da conversa entre o ex-presidente da Rep\u00fablica, Luiz In\u00e1cio [&hellip;]<\/p>\n","protected":false},"author":27,"featured_media":0,"comment_status":"open","ping_status":"closed","sticky":false,"template":"","format":"standard","meta":{"footnotes":""},"categories":[1],"tags":[203,348,1403,1401,1404,1361,1131,1402],"class_list":["post-1314","post","type-post","status-publish","format-standard","hentry","category-sem-categoria","tag-acoes","tag-adpf","tag-conversa","tag-indignacao","tag-interfira","tag-lula","tag-nota-publica","tag-trechos"],"_links":{"self":[{"href":"https:\/\/blogs.correiobraziliense.com.br\/servidor\/wp-json\/wp\/v2\/posts\/1314","targetHints":{"allow":["GET"]}}],"collection":[{"href":"https:\/\/blogs.correiobraziliense.com.br\/servidor\/wp-json\/wp\/v2\/posts"}],"about":[{"href":"https:\/\/blogs.correiobraziliense.com.br\/servidor\/wp-json\/wp\/v2\/types\/post"}],"author":[{"embeddable":true,"href":"https:\/\/blogs.correiobraziliense.com.br\/servidor\/wp-json\/wp\/v2\/users\/27"}],"replies":[{"embeddable":true,"href":"https:\/\/blogs.correiobraziliense.com.br\/servidor\/wp-json\/wp\/v2\/comments?post=1314"}],"version-history":[{"count":1,"href":"https:\/\/blogs.correiobraziliense.com.br\/servidor\/wp-json\/wp\/v2\/posts\/1314\/revisions"}],"predecessor-version":[{"id":1315,"href":"https:\/\/blogs.correiobraziliense.com.br\/servidor\/wp-json\/wp\/v2\/posts\/1314\/revisions\/1315"}],"wp:attachment":[{"href":"https:\/\/blogs.correiobraziliense.com.br\/servidor\/wp-json\/wp\/v2\/media?parent=1314"}],"wp:term":[{"taxonomy":"category","embeddable":true,"href":"https:\/\/blogs.correiobraziliense.com.br\/servidor\/wp-json\/wp\/v2\/categories?post=1314"},{"taxonomy":"post_tag","embeddable":true,"href":"https:\/\/blogs.correiobraziliense.com.br\/servidor\/wp-json\/wp\/v2\/tags?post=1314"}],"curies":[{"name":"wp","href":"https:\/\/api.w.org\/{rel}","templated":true}]}}