{"id":13128,"date":"2019-07-11T11:49:37","date_gmt":"2019-07-11T14:49:37","guid":{"rendered":"https:\/\/blogs.correiobraziliense.com.br\/servidor\/?p=13128"},"modified":"2019-07-11T11:49:37","modified_gmt":"2019-07-11T14:49:37","slug":"anamatra-texto-base-da-reforma-da-previdencia-sacrifica-carreiras-que-prestam-servicos-publicos-essenciais","status":"publish","type":"post","link":"https:\/\/blogs.correiobraziliense.com.br\/servidor\/anamatra-texto-base-da-reforma-da-previdencia-sacrifica-carreiras-que-prestam-servicos-publicos-essenciais\/","title":{"rendered":"Anamatra &#8211; Texto-base da reforma da Previd\u00eancia sacrifica carreiras que prestam servi\u00e7os p\u00fablicos essenciais"},"content":{"rendered":"<p><em>Na avalia\u00e7\u00e3o da presidente da entidade, texto da PEC 6\/2019 jamais comportou possibilidade de aperfei\u00e7oamento<\/em><\/p>\n<p>T\u00e3o logo passou pelo Plen\u00e1rio da C\u00e2mara dos Deputados, a proposta recebeu v\u00e1rias cr\u00edticas. \u201cO texto aprovado jamais comportou a possibilidade de aperfei\u00e7oamento\u201d. Essa \u00e9 a avalia\u00e7\u00e3o da presidente da Associa\u00e7\u00e3o Nacional dos Magistrados da Justi\u00e7a do Trabalho (Anamatra), Noemia Porto, sobre a aprova\u00e7\u00e3o, nesta quarta (10\/7), em primeiro turno no Plen\u00e1rio da C\u00e2mara, do texto-base da Proposta de Emenda \u00e0 Constitui\u00e7\u00e3o (PEC) 6\/2019, da reforma da Previd\u00eancia, por um placar de 379 votos a 131.<\/p>\n<p>\u201cO cen\u00e1rio de retra\u00e7\u00e3o do debate ficou claro na condu\u00e7\u00e3o do processo pelo presidente da C\u00e2mara, deputado Rodrigo Maia, que vem anunciando a expectativa da conclus\u00e3o da vota\u00e7\u00e3o em segundo turno ainda nesta semana, v\u00e9spera do recesso parlamentar\u201d, critica Noemia Porto. Segundo a presidente, n\u00e3o h\u00e1 expectativa de altera\u00e7\u00e3o substancial do texto, mesmo com a vota\u00e7\u00e3o dos destaques, prevista para ter in\u00edcio nesta quinta (11\/08)<\/p>\n<p>A presidente recorda que a magistratura se disp\u00f4s, desde a apresenta\u00e7\u00e3o da PEC, juntamente com outras entidades da Frente Associativa da Magistratura e do Minist\u00e9rio P\u00fablico (Frentas), a debater e a colaborar com esse momento de discuss\u00e3o, mas as sugest\u00f5es trabalhadas pelas associa\u00e7\u00f5es n\u00e3o foram contempladas.<\/p>\n<p>\u201cO texto-base consolida, em diversos trechos, tratamento gravoso, discriminat\u00f3rio e injusto para os servidores p\u00fablicos civis e membros da magistratura e do Minist\u00e9rio P\u00fablico, sacrificando de forma desmedida essas carreiras, respons\u00e1veis pela presta\u00e7\u00e3o de servi\u00e7os p\u00fablicos essenciais para todos os cidad\u00e3os. Espera-se que a Casa Revisora possa estar efetivamente aberta ao di\u00e1logo democr\u00e1tico, o que n\u00e3o ocorreu at\u00e9 aqui\u201d, ressalta.<\/p>\n<p><strong>Mobiliza\u00e7\u00e3o<\/strong><\/p>\n<p>Desde o in\u00edcio desta semana, diretores da Anamatra, membros da Comiss\u00e3o Legislativa da entidade e diversos dirigentes de Associa\u00e7\u00f5es de Magistrados do Trabalho de diversas regi\u00f5es do Brasil intensificaram a mobiliza\u00e7\u00e3o na C\u00e2mara dos Deputados. O movimento integra estrat\u00e9gia definida pela Frente Associativa da Magistratura e do Minist\u00e9rio P\u00fablico (Frentas).<\/p>\n<p>Nos encontros com os parlamentares, os dirigentes da Frentas entregaram c\u00f3pias da peti\u00e7\u00e3o p\u00fablica, assinada por mais de 10 mil ju\u00edzes e membros do Minist\u00e9rio P\u00fablico, para que os deputados, em Plen\u00e1rio, votassem no sentido de fazer justi\u00e7a aos servidores p\u00fablicos civis. A Anamatra tamb\u00e9m encaminhou aos 24 presidentes de Tribunais Regionais do Trabalho (TRTs) pedido de apoio \u00e0 mobiliza\u00e7\u00e3o pela altera\u00e7\u00e3o do texto.<\/p>\n<p>O pleito da Frentas \u00e9 no sentido de minimizar os preju\u00edzos a direitos previdenci\u00e1rios, apoiando mudan\u00e7as relativas a temas como: regras de transi\u00e7\u00e3o, al\u00edquotas previdenci\u00e1rias confiscat\u00f3rias, c\u00e1lculo da pens\u00e3o por morte e dos benef\u00edcios previdenci\u00e1rios, nulidade de aposentadorias j\u00e1 concedidas a servidores p\u00fablicos civis com base no arcabou\u00e7o legislativo vigente e desconstitucionaliza\u00e7\u00e3o que prev\u00ea, inclusive, a obrigatoriedade de extin\u00e7\u00e3o dos Regimes Pr\u00f3prios de Previd\u00eancia com a consequente migra\u00e7\u00e3o de todos os servidores p\u00fablicos civis para o Regime Geral de Previd\u00eancia Social, gerido pelo INSS.<\/p>\n<p><strong>Tramita\u00e7\u00e3o<\/strong><\/p>\n<p>Sendo aprovada na C\u00e2mara, em dois turnos, a PEC 6\/2019 ser\u00e1 enviada ao Senado, onde ser\u00e1 analisada apenas pela Comiss\u00e3o de Constitui\u00e7\u00e3o e Justi\u00e7a (CCJ) e pelo Plen\u00e1rio. Ap\u00f3s a aprova\u00e7\u00e3o e a publica\u00e7\u00e3o do parecer pela CCJ, a proposta ser\u00e1 inclu\u00edda na ordem do dia do Plen\u00e1rio, onde ser\u00e1 submetida a dois turnos de discuss\u00e3o e vota\u00e7\u00e3o. Entre os dois turnos h\u00e1 um intervalo de cinco sess\u00f5es do Plen\u00e1rio. Na sequ\u00eancia, sendo aprovada, a proposta ser\u00e1 promulgada em sess\u00e3o do Congresso Nacional.<\/p>\n","protected":false},"excerpt":{"rendered":"<p>Na avalia\u00e7\u00e3o da presidente da entidade, texto da PEC 6\/2019 jamais comportou possibilidade de aperfei\u00e7oamento T\u00e3o logo passou pelo Plen\u00e1rio da C\u00e2mara dos Deputados, a proposta recebeu v\u00e1rias cr\u00edticas. \u201cO texto aprovado jamais comportou a possibilidade de aperfei\u00e7oamento\u201d. Essa \u00e9 a avalia\u00e7\u00e3o da presidente da Associa\u00e7\u00e3o Nacional dos Magistrados da Justi\u00e7a do Trabalho (Anamatra), Noemia Porto, sobre a aprova\u00e7\u00e3o, nesta [&hellip;]<\/p>\n","protected":false},"author":27,"featured_media":0,"comment_status":"open","ping_status":"closed","sticky":false,"template":"","format":"standard","meta":{"footnotes":""},"categories":[2719],"tags":[1408,1531,6334,3564,344,2323,417,481,9727,696,1498],"class_list":["post-13128","post","type-post","status-publish","format-standard","hentry","category-servidor","tag-anamatra","tag-camara-dos-deputados","tag-destaque","tag-frentas","tag-juizes","tag-magistratura","tag-ministerio-publico","tag-mobilizacao","tag-reforma-da-previdencia","tag-senado","tag-votacao"],"_links":{"self":[{"href":"https:\/\/blogs.correiobraziliense.com.br\/servidor\/wp-json\/wp\/v2\/posts\/13128","targetHints":{"allow":["GET"]}}],"collection":[{"href":"https:\/\/blogs.correiobraziliense.com.br\/servidor\/wp-json\/wp\/v2\/posts"}],"about":[{"href":"https:\/\/blogs.correiobraziliense.com.br\/servidor\/wp-json\/wp\/v2\/types\/post"}],"author":[{"embeddable":true,"href":"https:\/\/blogs.correiobraziliense.com.br\/servidor\/wp-json\/wp\/v2\/users\/27"}],"replies":[{"embeddable":true,"href":"https:\/\/blogs.correiobraziliense.com.br\/servidor\/wp-json\/wp\/v2\/comments?post=13128"}],"version-history":[{"count":1,"href":"https:\/\/blogs.correiobraziliense.com.br\/servidor\/wp-json\/wp\/v2\/posts\/13128\/revisions"}],"predecessor-version":[{"id":13129,"href":"https:\/\/blogs.correiobraziliense.com.br\/servidor\/wp-json\/wp\/v2\/posts\/13128\/revisions\/13129"}],"wp:attachment":[{"href":"https:\/\/blogs.correiobraziliense.com.br\/servidor\/wp-json\/wp\/v2\/media?parent=13128"}],"wp:term":[{"taxonomy":"category","embeddable":true,"href":"https:\/\/blogs.correiobraziliense.com.br\/servidor\/wp-json\/wp\/v2\/categories?post=13128"},{"taxonomy":"post_tag","embeddable":true,"href":"https:\/\/blogs.correiobraziliense.com.br\/servidor\/wp-json\/wp\/v2\/tags?post=13128"}],"curies":[{"name":"wp","href":"https:\/\/api.w.org\/{rel}","templated":true}]}}