{"id":13124,"date":"2019-07-10T19:04:05","date_gmt":"2019-07-10T22:04:05","guid":{"rendered":"https:\/\/blogs.correiobraziliense.com.br\/servidor\/?p=13124"},"modified":"2019-07-10T19:04:05","modified_gmt":"2019-07-10T22:04:05","slug":"sindilegis-alerta-em-dia-de-votacao-da-reforma-da-previdencia-bancos-anunciam-planos-de-previdencia-privada-a-clientes","status":"publish","type":"post","link":"https:\/\/blogs.correiobraziliense.com.br\/servidor\/sindilegis-alerta-em-dia-de-votacao-da-reforma-da-previdencia-bancos-anunciam-planos-de-previdencia-privada-a-clientes\/","title":{"rendered":"Sindilegis alerta: Em dia de vota\u00e7\u00e3o da reforma da Previd\u00eancia, bancos anunciam planos de previd\u00eancia privada a clientes"},"content":{"rendered":"<p><em>No mesmo dia em que o plen\u00e1rio da C\u00e2mara dos Deputados aprecia, em primeiro turno, a proposta que altera as regras de aposentadoria dos brasileiros (PEC 06\/19), os bancos privados aproveitaram para apresentar o que vir\u00e1 por a\u00ed, caso a reforma seja aprovada, destaca o Sindilegis<\/em><\/p>\n<p>O Sindicato dos Servidores do Legislativo (Sindilegis) informa que, \u00e0s 17h desta quarta-feira (10), o Banco do Brasil, em meio \u00e0 vota\u00e7\u00e3o em plen\u00e1rio, encaminhou via e-mail a v\u00e1rios clientes sugest\u00f5es de planos de previd\u00eancia privada complementar. O e-mail, intitulado \u201cCome\u00e7ar a planejar hoje o amanh\u00e3 \u00e9 o primeiro passo para realizar seus projetos\u201d, apresenta os planos da Brasilprev, com a op\u00e7\u00e3o de fechar pacotes para si pr\u00f3prio ou para \u201cpresentear\u201d parentes ou conhecidos pr\u00f3ximos.<\/p>\n<p>Desde o in\u00edcio da tramita\u00e7\u00e3o da proposta de reforma da Previd\u00eancia, em dezembro de 2017, os grandes bancos privados j\u00e1 demonstraram total apoio \u00e0 ideia, aponta o Sindilegis. &#8220;Bancos como Ita\u00fa, Bradesco e Santander, em notas p\u00fablicas ou por meio de declara\u00e7\u00f5es dos seus executivos, se posicionaram favoravelmente \u00e0 antiga reforma da Previd\u00eancia (PEC 287\/2016) pretendida pelo ex-presidente Michel Temer, e agora \u00e0 PEC 06\/19, proposta pelo governo Bolsonaro&#8221;, destaca o sindicato.<\/p>\n<p>\u201cO que os banqueiros n\u00e3o assumem \u00e9 um interesse bem particular das institui\u00e7\u00f5es que comandam: o crescimento da contrata\u00e7\u00e3o de planos de previd\u00eancia privada\u201d, explica o presidente do Sindilegis, Petrus Elesb\u00e3o. O dirigente questiona, ainda, a quem, de fato, essa reforma da Previd\u00eancia interessa e ir\u00e1 beneficia.<\/p>\n<p>\u201cS\u00e3o com atitudes como essas que temos certeza que a PEC 06\/19 ser\u00e1 um verdadeiro presente aos bancos e fundos privados, ofertando uma nova fonte de ganhos para quem j\u00e1 lucra de maneira astron\u00f4mica. E aqueles que n\u00e3o puderam pagar um plano de previd\u00eancia privada? E aqueles que precisarem trabalhar 20 anos s\u00f3 para conseguir um valor baixo de aposentadoria?\u201d, enfatiza Elesb\u00e3o.<\/p>\n","protected":false},"excerpt":{"rendered":"<p>No mesmo dia em que o plen\u00e1rio da C\u00e2mara dos Deputados aprecia, em primeiro turno, a proposta que altera as regras de aposentadoria dos brasileiros (PEC 06\/19), os bancos privados aproveitaram para apresentar o que vir\u00e1 por a\u00ed, caso a reforma seja aprovada, destaca o Sindilegis O Sindicato dos Servidores do Legislativo (Sindilegis) informa que, \u00e0s 17h desta quarta-feira (10), [&hellip;]<\/p>\n","protected":false},"author":27,"featured_media":0,"comment_status":"open","ping_status":"closed","sticky":false,"template":"","format":"standard","meta":{"footnotes":""},"categories":[2719],"tags":[6,744,3668,1531,9193,14771,15655,2191,54,9727,634,695],"class_list":["post-13124","post","type-post","status-publish","format-standard","hentry","category-servidor","tag-aposentadoria","tag-bancos","tag-banqueiros","tag-camara-dos-deputados","tag-pacotes","tag-pec-06-2019","tag-previdencia-privada-complementar","tag-privados","tag-proposta","tag-reforma-da-previdencia","tag-sindilegis","tag-tramitacao"],"_links":{"self":[{"href":"https:\/\/blogs.correiobraziliense.com.br\/servidor\/wp-json\/wp\/v2\/posts\/13124","targetHints":{"allow":["GET"]}}],"collection":[{"href":"https:\/\/blogs.correiobraziliense.com.br\/servidor\/wp-json\/wp\/v2\/posts"}],"about":[{"href":"https:\/\/blogs.correiobraziliense.com.br\/servidor\/wp-json\/wp\/v2\/types\/post"}],"author":[{"embeddable":true,"href":"https:\/\/blogs.correiobraziliense.com.br\/servidor\/wp-json\/wp\/v2\/users\/27"}],"replies":[{"embeddable":true,"href":"https:\/\/blogs.correiobraziliense.com.br\/servidor\/wp-json\/wp\/v2\/comments?post=13124"}],"version-history":[{"count":1,"href":"https:\/\/blogs.correiobraziliense.com.br\/servidor\/wp-json\/wp\/v2\/posts\/13124\/revisions"}],"predecessor-version":[{"id":13125,"href":"https:\/\/blogs.correiobraziliense.com.br\/servidor\/wp-json\/wp\/v2\/posts\/13124\/revisions\/13125"}],"wp:attachment":[{"href":"https:\/\/blogs.correiobraziliense.com.br\/servidor\/wp-json\/wp\/v2\/media?parent=13124"}],"wp:term":[{"taxonomy":"category","embeddable":true,"href":"https:\/\/blogs.correiobraziliense.com.br\/servidor\/wp-json\/wp\/v2\/categories?post=13124"},{"taxonomy":"post_tag","embeddable":true,"href":"https:\/\/blogs.correiobraziliense.com.br\/servidor\/wp-json\/wp\/v2\/tags?post=13124"}],"curies":[{"name":"wp","href":"https:\/\/api.w.org\/{rel}","templated":true}]}}