{"id":1312,"date":"2016-03-17T11:45:51","date_gmt":"2016-03-17T14:45:51","guid":{"rendered":"https:\/\/blogs.correiobraziliense.com.br\/servidor\/?p=1312"},"modified":"2016-03-17T11:45:51","modified_gmt":"2016-03-17T14:45:51","slug":"apajufe-nota-em-apoio-ao-juiz-federal-sergio-moro","status":"publish","type":"post","link":"https:\/\/blogs.correiobraziliense.com.br\/servidor\/apajufe-nota-em-apoio-ao-juiz-federal-sergio-moro\/","title":{"rendered":"APAJUFE &#8211; NOTA EM APOIO AO JUIZ FEDERAL S\u00c9RGIO MORO"},"content":{"rendered":"<p><i>Ju\u00edzes federais apoiam irrestritamente a condu\u00e7\u00e3o dos processos da Lava Jato<\/i><\/p>\n<p>A Associa\u00e7\u00e3o Paranaense dos Ju\u00edzes Federais (Apajufe) vem a p\u00fablico manifestar total apoio ao juiz federal S\u00e9rgio Moro, titular da 13\u00aa Vara Federal de Curitiba, na condu\u00e7\u00e3o dos processos relacionados \u00e0 Opera\u00e7\u00e3o Lava Jato.<\/p>\n<p>O processo penal \u00e9 p\u00fablico. Todos t\u00eam direito de acesso aos atos do processo, diante do princ\u00edpio da publicidade, sendo o sigilo exce\u00e7\u00e3o. (Art. 5o LX, da CF)<\/p>\n<p>As decis\u00f5es tomadas pelo juiz federal, pelo Tribunal Regional Federal da 4a. Regi\u00e3o e pelos Tribunais Superiores (STJ e STF) sempre foram fundamentadas e embasadas por ind\u00edcios e provas t\u00e9cnicas de autoria e materialidade, em conson\u00e2ncia com a legisla\u00e7\u00e3o penal e a Constitui\u00e7\u00e3o Federal, sempre respeitando o Estado de Direito.<\/p>\n<p>As irresigna\u00e7\u00f5es relacionadas ao processo penal devem ocorrer atrav\u00e9s dos recursos processuais previstos legalmente.<\/p>\n<p>Qualquer outra medida \u00e9 uma afronta \u00e0 independ\u00eancia do Poder Judici\u00e1rio e \u00e0 democracia, pilares da nossa Constitui\u00e7\u00e3o.<\/p>\n<p><b>Patricia H. Daher Lopes Panasolo<br \/>\nPresidente da Apajufe<\/b><\/p>\n","protected":false},"excerpt":{"rendered":"<p>Ju\u00edzes federais apoiam irrestritamente a condu\u00e7\u00e3o dos processos da Lava Jato A Associa\u00e7\u00e3o Paranaense dos Ju\u00edzes Federais (Apajufe) vem a p\u00fablico manifestar total apoio ao juiz federal S\u00e9rgio Moro, titular da 13\u00aa Vara Federal de Curitiba, na condu\u00e7\u00e3o dos processos relacionados \u00e0 Opera\u00e7\u00e3o Lava Jato. O processo penal \u00e9 p\u00fablico. Todos t\u00eam direito de acesso aos atos do processo, diante [&hellip;]<\/p>\n","protected":false},"author":27,"featured_media":0,"comment_status":"open","ping_status":"closed","sticky":false,"template":"","format":"standard","meta":{"footnotes":""},"categories":[1],"tags":[1397,792,1400,1398,283,562,1399],"class_list":["post-1312","post","type-post","status-publish","format-standard","hentry","category-sem-categoria","tag-apajufe","tag-apoio","tag-conducao","tag-juiz-federal","tag-lava-jato","tag-processos","tag-sergio-moro"],"_links":{"self":[{"href":"https:\/\/blogs.correiobraziliense.com.br\/servidor\/wp-json\/wp\/v2\/posts\/1312","targetHints":{"allow":["GET"]}}],"collection":[{"href":"https:\/\/blogs.correiobraziliense.com.br\/servidor\/wp-json\/wp\/v2\/posts"}],"about":[{"href":"https:\/\/blogs.correiobraziliense.com.br\/servidor\/wp-json\/wp\/v2\/types\/post"}],"author":[{"embeddable":true,"href":"https:\/\/blogs.correiobraziliense.com.br\/servidor\/wp-json\/wp\/v2\/users\/27"}],"replies":[{"embeddable":true,"href":"https:\/\/blogs.correiobraziliense.com.br\/servidor\/wp-json\/wp\/v2\/comments?post=1312"}],"version-history":[{"count":1,"href":"https:\/\/blogs.correiobraziliense.com.br\/servidor\/wp-json\/wp\/v2\/posts\/1312\/revisions"}],"predecessor-version":[{"id":1313,"href":"https:\/\/blogs.correiobraziliense.com.br\/servidor\/wp-json\/wp\/v2\/posts\/1312\/revisions\/1313"}],"wp:attachment":[{"href":"https:\/\/blogs.correiobraziliense.com.br\/servidor\/wp-json\/wp\/v2\/media?parent=1312"}],"wp:term":[{"taxonomy":"category","embeddable":true,"href":"https:\/\/blogs.correiobraziliense.com.br\/servidor\/wp-json\/wp\/v2\/categories?post=1312"},{"taxonomy":"post_tag","embeddable":true,"href":"https:\/\/blogs.correiobraziliense.com.br\/servidor\/wp-json\/wp\/v2\/tags?post=1312"}],"curies":[{"name":"wp","href":"https:\/\/api.w.org\/{rel}","templated":true}]}}