{"id":13112,"date":"2019-07-10T14:01:10","date_gmt":"2019-07-10T17:01:10","guid":{"rendered":"https:\/\/blogs.correiobraziliense.com.br\/servidor\/?p=13112"},"modified":"2019-07-10T14:01:10","modified_gmt":"2019-07-10T17:01:10","slug":"pressao-na-camara-contra-reforma-da-previdencia-nao-para","status":"publish","type":"post","link":"https:\/\/blogs.correiobraziliense.com.br\/servidor\/pressao-na-camara-contra-reforma-da-previdencia-nao-para\/","title":{"rendered":"Press\u00e3o na C\u00e2mara contra reforma da Previdencia n\u00e3o p\u00e1ra"},"content":{"rendered":"<p><em>Press\u00e3o sobre parlamentares continua. Centrais sindicais, trabalhadoras e trabalhadores de todas as categorias, do campo e da cidade, do setor p\u00fablico e privado, far\u00e3o ato nesta quarta-feira (10), contra a reforma da Previd\u00eancia, a partir das 14h, em frente ao Anexo II da C\u00e2mara dos Deputados<\/em><\/p>\n<p><span style=\"float: none;background-color: transparent;color: #333333;cursor: text;font-family: -apple-system,BlinkMacSystemFont,'Segoe UI',Roboto,Oxygen-Sans,Ubuntu,Cantarell,'Helvetica Neue',sans-serif;font-size: 16px;font-style: normal;font-variant: normal;font-weight: 400;letter-spacing: normal;text-align: left;text-decoration: none;text-indent: 0px\">A discuss\u00e3o da reforma da Previd\u00eancia (PEC 06\/2019) no Plen\u00e1rio da C\u00e2mara dos Deputados come\u00e7ou na ter\u00e7a (9) e foi madrugada adentro. A oposi\u00e7\u00e3o chegou a apresentar um requerimento de retirada da reforma da Previd\u00eancia da pauta. O requerimento, entretanto, recebeu 331 votos contr\u00e1rios e 117 favor\u00e1veis.<\/span><\/p>\n<p>\u201c\u00c9 imprescind\u00edvel que a classe trabalhadora esteja unida e mostre para o Congresso e para o governo que n\u00e3o vai aceitar que desmontem a nossa Previd\u00eancia Social, retirem nossa aposentadoria e impe\u00e7am a execu\u00e7\u00e3o da assist\u00eancia social viabilizada pelo atual sistema. Temos que continuar pressionando, ligando nos gabinetes, mandando mensagens, conversando com os parlamentares. Hoje, todas e todos \u00e0 C\u00e2mara\u201d, convoca o presidente da CUT Bras\u00edlia, Rodrigo Britto.<\/p>\n<p>Dos parlamentares que representam o DF na C\u00e2mara dos Deputados, apenas a deputada Erika Kokay (PT) e o deputado Professor Israel (PV) votaram favor\u00e1veis \u00e0 retirada da reforma da Previd\u00eancia da pauta. Bia Kicis (PSL), Fl\u00e1via Arruda (PL), Julio Cesar Ribeiro (PRB), Luis Miranda (DEM) e Paula Belmonte (idadania), que completam a bancada de parlamentares do DF, votaram contr\u00e1rios ao requerimento da oposi\u00e7\u00e3o.<\/p>\n<p>Para encerar a discuss\u00e3o sobre a reforma da Previd\u00eancia, foram 353 votos favor\u00e1veis. Tamb\u00e9m neste placar, da bancada do DF, apenas a deputada Erika Kokay e o deputado Professor Israel votaram contr\u00e1rios. Os demais, votaram sim para que se encerrasse o debate sobre o tema e se avan\u00e7asse para a fase de vota\u00e7\u00e3o do texto-base e dos destaques.<\/p>\n<p>\u201c\u00c9 um absurdo que se esteja encerrando essa discuss\u00e3o (sobre a PEC 06\/2019). N\u00f3s estamos falando da vida de milh\u00f5es de brasileiros e brasileiras. E aqui se fala que essa reforma \u00e9 um ato de coragem? Esses que isso falam, n\u00e3o t\u00eam coragem de tirar a isen\u00e7\u00e3o de R$ 84 bilh\u00f5es do latif\u00fandio. Esses que isso falam, n\u00e3o t\u00eam coragem de enfrentar uma sonega\u00e7\u00e3o de quase meio trilh\u00e3o, ou de taxar as grandes fortunas, os lucros e os dividendos\u201d, criticou a deputada Erika Kokay (PT) em discurso no Plen\u00e1rio, nessa ter\u00e7a.<\/p>\n<p>O presidente da C\u00e2mara dos Deputados, Rodrigo Maia (DEM-RJ), retomou a aprecia\u00e7\u00e3o do texto da reforma da Previd\u00eancia nessa quarta-feira (10), \u00e0s 10h30. Como os debates sobre a proposta foram encerrados na ter\u00e7a, hoje estar\u00e1 em an\u00e1lise a vota\u00e7\u00e3o do texto-base e dos destaques \u00e0 PEC.<\/p>\n","protected":false},"excerpt":{"rendered":"<p>Press\u00e3o sobre parlamentares continua. Centrais sindicais, trabalhadoras e trabalhadores de todas as categorias, do campo e da cidade, do setor p\u00fablico e privado, far\u00e3o ato nesta quarta-feira (10), contra a reforma da Previd\u00eancia, a partir das 14h, em frente ao Anexo II da C\u00e2mara dos Deputados A discuss\u00e3o da reforma da Previd\u00eancia (PEC 06\/2019) no Plen\u00e1rio da C\u00e2mara dos Deputados [&hellip;]<\/p>\n","protected":false},"author":27,"featured_media":0,"comment_status":"open","ping_status":"closed","sticky":false,"template":"","format":"standard","meta":{"footnotes":""},"categories":[2719],"tags":[4401,1531,3889,1101,3890,1298,268,14771,15076,58,9835,1489,19],"class_list":["post-13112","post","type-post","status-publish","format-standard","hentry","category-servidor","tag-bancada","tag-camara-dos-deputados","tag-campo","tag-centrais-sindicais","tag-cidade","tag-deputados","tag-parlamentares","tag-pec-06-2019","tag-posentadoria","tag-servidores","tag-setor-privado","tag-setor-publico","tag-trabalhadores"],"_links":{"self":[{"href":"https:\/\/blogs.correiobraziliense.com.br\/servidor\/wp-json\/wp\/v2\/posts\/13112","targetHints":{"allow":["GET"]}}],"collection":[{"href":"https:\/\/blogs.correiobraziliense.com.br\/servidor\/wp-json\/wp\/v2\/posts"}],"about":[{"href":"https:\/\/blogs.correiobraziliense.com.br\/servidor\/wp-json\/wp\/v2\/types\/post"}],"author":[{"embeddable":true,"href":"https:\/\/blogs.correiobraziliense.com.br\/servidor\/wp-json\/wp\/v2\/users\/27"}],"replies":[{"embeddable":true,"href":"https:\/\/blogs.correiobraziliense.com.br\/servidor\/wp-json\/wp\/v2\/comments?post=13112"}],"version-history":[{"count":1,"href":"https:\/\/blogs.correiobraziliense.com.br\/servidor\/wp-json\/wp\/v2\/posts\/13112\/revisions"}],"predecessor-version":[{"id":13113,"href":"https:\/\/blogs.correiobraziliense.com.br\/servidor\/wp-json\/wp\/v2\/posts\/13112\/revisions\/13113"}],"wp:attachment":[{"href":"https:\/\/blogs.correiobraziliense.com.br\/servidor\/wp-json\/wp\/v2\/media?parent=13112"}],"wp:term":[{"taxonomy":"category","embeddable":true,"href":"https:\/\/blogs.correiobraziliense.com.br\/servidor\/wp-json\/wp\/v2\/categories?post=13112"},{"taxonomy":"post_tag","embeddable":true,"href":"https:\/\/blogs.correiobraziliense.com.br\/servidor\/wp-json\/wp\/v2\/tags?post=13112"}],"curies":[{"name":"wp","href":"https:\/\/api.w.org\/{rel}","templated":true}]}}