{"id":13109,"date":"2019-07-09T19:29:31","date_gmt":"2019-07-09T22:29:31","guid":{"rendered":"https:\/\/blogs.correiobraziliense.com.br\/servidor\/?p=13109"},"modified":"2019-07-09T19:29:31","modified_gmt":"2019-07-09T22:29:31","slug":"anfip-ensina-como-pressionar-parlamentares-contra-reforma-da-previdencia","status":"publish","type":"post","link":"https:\/\/blogs.correiobraziliense.com.br\/servidor\/anfip-ensina-como-pressionar-parlamentares-contra-reforma-da-previdencia\/","title":{"rendered":"Anfip ensina como pressionar parlamentares contra reforma da Previd\u00eancia"},"content":{"rendered":"<p><em>Com o t\u00edtulo &#8220;Envie AGORA a sua mensagem&#8221;, a Associa\u00e7\u00e3o Nacional dos Auditores Fiscais da Receita (Anfip) destaca que &#8220;chegou a hora de toda a sociedade unir a\u00e7\u00f5es contra a PEC 6\/2019, uma reforma previdenci\u00e1ria CRUEL com os trabalhadores&#8221;<\/em><\/p>\n<p><img loading=\"lazy\" decoding=\"async\" class=\"alignright size-full wp-image-13110\" src=\"https:\/\/blogs.correiobraziliense.com.br\/servidor\/wp-content\/uploads\/sites\/10\/2019\/07\/Pressiona-os-parlamentares_-reduzida.jpg\" alt=\"\" width=\"640\" height=\"375\" \/><\/p>\n<p>A Anfip alerta que a PEC foi encaminhada para vota\u00e7\u00e3o, que come\u00e7a nesta ter\u00e7a-feira (9\/7), no Plen\u00e1rio da C\u00e2mara dos Deputados. O texto j\u00e1 foi aprovado na Comiss\u00e3o de Constitui\u00e7\u00e3o e Justi\u00e7a da C\u00e2mara e na Comiss\u00e3o Especial da C\u00e2mara Federal.<\/p>\n<p>&#8220;Para viabilizar e facilitar o contato com os parlamentares, a AnfipP coloca \u00e0 disposi\u00e7\u00e3o de toda a sociedade um sistema de envio de mensagens. \u00c9 o momento de mostrar para os deputadas que o povo brasileiro n\u00e3o concorda com esta reforma&#8221;, diz o texto.<\/p>\n<p><strong>Reforma<\/strong><\/p>\n<p>Al\u00e9m de mudan\u00e7as nas regras de aposentadoria, que atrasam e at\u00e9 mesmo impedem a obten\u00e7\u00e3o do benef\u00edcio futuro, diz a entidade, o texto da nova reforma promove diversas outras mudan\u00e7as, entre elas o aumento da idade m\u00ednima de aposentadoria, o aumento do tempo de contribui\u00e7\u00e3o, a desconstitucionaliza\u00e7\u00e3o da Previd\u00eancia. Afeta de forma intensa os trabalhadores rurais, as mulheres e os pensionistas. As mudan\u00e7as impactam a todos, trabalhadores do setor p\u00fablico e da iniciativa privada.<\/p>\n<p>&#8220;Se n\u00e3o pressionarmos os parlamentares AGORA para que n\u00e3o aprovem a reforma, amargaremos um futuro ainda mais dif\u00edcil. Muitos ter\u00e3o que trabalhar a vida inteira para se aposentar ou morrer\u00e3o antes de receber o benef\u00edcio&#8221;, refor\u00e7a.<br \/>\nFA\u00c7A SUA PARTE!<\/p>\n<p><strong>Veja o passo a passo<\/strong><\/p>\n<p>1\u00ba \u2013 Clique <a href=\"http:\/\/www2.anfip.org.br\/_faleAnfip\/\">AQUI<\/a> para enviar mensagem aos deputados;<br \/>\n2\u00ba \u2013 \u00c9 poss\u00edvel mandar para TODOS os deputados ou remeter para um parlamentar espec\u00edfico (estado ou partido pol\u00edtico), basta selecionar na ferramenta;<br \/>\n3\u00ba \u2013 O passo seguinte \u00e9 o texto propriamente dito. O modelo j\u00e1 estar\u00e1 dispon\u00edvel ou voc\u00ea mesmo pode redigir sua mensagem na caixa de di\u00e1logo; e<br \/>\n4\u00ba \u2013 Em seguida, preencha nome e e-mail v\u00e1lidos e clique em \u201cenviar\u201d.<\/p>\n<p>IMPORTANTE: \u00c9 necess\u00e1rio o envio com o nome e e-mail para que as mensagens n\u00e3o caiam na p\u00e1gina de spam do parlamentar.<\/p>\n","protected":false},"excerpt":{"rendered":"<p>Com o t\u00edtulo &#8220;Envie AGORA a sua mensagem&#8221;, a Associa\u00e7\u00e3o Nacional dos Auditores Fiscais da Receita (Anfip) destaca que &#8220;chegou a hora de toda a sociedade unir a\u00e7\u00f5es contra a PEC 6\/2019, uma reforma previdenci\u00e1ria CRUEL com os trabalhadores&#8221; A Anfip alerta que a PEC foi encaminhada para vota\u00e7\u00e3o, que come\u00e7a nesta ter\u00e7a-feira (9\/7), no Plen\u00e1rio da C\u00e2mara dos Deputados. [&hellip;]<\/p>\n","protected":false},"author":27,"featured_media":0,"comment_status":"open","ping_status":"closed","sticky":false,"template":"","format":"standard","meta":{"footnotes":""},"categories":[2719],"tags":[771,6,386,131,9729,9673,268,9727,751,58,1489,351],"class_list":["post-13109","post","type-post","status-publish","format-standard","hentry","category-servidor","tag-anfip","tag-aposentadoria","tag-beneficio","tag-contribuicao","tag-idade-minima","tag-iniciativa-privada","tag-parlamentares","tag-reforma-da-previdencia","tag-regras","tag-servidores","tag-setor-publico","tag-sociedade"],"_links":{"self":[{"href":"https:\/\/blogs.correiobraziliense.com.br\/servidor\/wp-json\/wp\/v2\/posts\/13109","targetHints":{"allow":["GET"]}}],"collection":[{"href":"https:\/\/blogs.correiobraziliense.com.br\/servidor\/wp-json\/wp\/v2\/posts"}],"about":[{"href":"https:\/\/blogs.correiobraziliense.com.br\/servidor\/wp-json\/wp\/v2\/types\/post"}],"author":[{"embeddable":true,"href":"https:\/\/blogs.correiobraziliense.com.br\/servidor\/wp-json\/wp\/v2\/users\/27"}],"replies":[{"embeddable":true,"href":"https:\/\/blogs.correiobraziliense.com.br\/servidor\/wp-json\/wp\/v2\/comments?post=13109"}],"version-history":[{"count":1,"href":"https:\/\/blogs.correiobraziliense.com.br\/servidor\/wp-json\/wp\/v2\/posts\/13109\/revisions"}],"predecessor-version":[{"id":13111,"href":"https:\/\/blogs.correiobraziliense.com.br\/servidor\/wp-json\/wp\/v2\/posts\/13109\/revisions\/13111"}],"wp:attachment":[{"href":"https:\/\/blogs.correiobraziliense.com.br\/servidor\/wp-json\/wp\/v2\/media?parent=13109"}],"wp:term":[{"taxonomy":"category","embeddable":true,"href":"https:\/\/blogs.correiobraziliense.com.br\/servidor\/wp-json\/wp\/v2\/categories?post=13109"},{"taxonomy":"post_tag","embeddable":true,"href":"https:\/\/blogs.correiobraziliense.com.br\/servidor\/wp-json\/wp\/v2\/tags?post=13109"}],"curies":[{"name":"wp","href":"https:\/\/api.w.org\/{rel}","templated":true}]}}