{"id":13107,"date":"2019-07-09T18:49:52","date_gmt":"2019-07-09T21:49:52","guid":{"rendered":"https:\/\/blogs.correiobraziliense.com.br\/servidor\/?p=13107"},"modified":"2019-07-09T18:49:52","modified_gmt":"2019-07-09T21:49:52","slug":"pge-rj-primeira-excursao-para-os-bolsistas-da-fia","status":"publish","type":"post","link":"https:\/\/blogs.correiobraziliense.com.br\/servidor\/pge-rj-primeira-excursao-para-os-bolsistas-da-fia\/","title":{"rendered":"PGE-RJ &#8211; Primeira excurs\u00e3o para os bolsistas da FIA"},"content":{"rendered":"<p><em>A Coordenadoria de Capacita\u00e7\u00e3o e Avalia\u00e7\u00e3o de Servidores (CCAS) da Procuradoria Geral do Estado do Rio de Janeiro (PGE-RJ) tem se empenhado para que os 110 bolsistas do Programa de Trabalho Protegido na Adolesc\u00eancia (PTPA) &#8211; em parceria com a Funda\u00e7\u00e3o para a Inf\u00e2ncia e Adolesc\u00eancia (FIA)- tenham muito al\u00e9m do que o est\u00e1gio pr\u00e1tico de rotinas administrativas na institui\u00e7\u00e3o, informou o \u00f3rg\u00e3o<\/em><\/p>\n<p>De acordo com a CCAS, depois de um curso de auxiliar administrativo, criado e executado pelos pr\u00f3prios servidores a todos os bolsistas da Casa, em abril deste ano, foi a vez de parte do grupo conhecer Petr\u00f3polis, a cidade imperial da Regi\u00e3o Serrana do Rio de Janeiro.<\/p>\n<p>Na \u00faltima quinta-feira, 34 jovens tiveram a oportunidade de visitar parte da hist\u00f3ria do Brasil a partir do Museu Imperial, da Casa de Santos Dumont, da Catedral de S\u00e3o Pedro de Alc\u00e2ntara e do Pal\u00e1cio de Cristal. Essa foi a primeira vez, desde o in\u00edcio do conv\u00eanio entre as institui\u00e7\u00f5es, em 2001, que os bolsistas da PGE-RJ foram contemplados com uma excurs\u00e3o.<\/p>\n<p>\u201cTemos nos empenhado para oportunizar uma qualifica\u00e7\u00e3o ampla aos adolescentes, para al\u00e9m do mercado de trabalho\u201d, certificou Sabrina Vieira, coordenadora da CCAS.<\/p>\n<p><strong>Vivendo a hist\u00f3ria<\/strong><\/p>\n<p>Pela primeira vez fora do munic\u00edpio do Rio de Janeiro e em Petr\u00f3polis, Ana Carolina Nogueira de Oliveira, de 17 anos, n\u00e3o sabia para onde olhar, diante da magnitude arquitet\u00f4nica e hist\u00f3rica da cidade imperial, localizada na regi\u00e3o serrana fluminense. A aluna do 2\u00ba ano do ensino m\u00e9dio do Col\u00e9gio Estadual Cardeal Dom Eug\u00eanio de Ara\u00fajo Sales, situado na Cidade de Deus, foi uma das bolsistas a participar do passeio hist\u00f3rico.<\/p>\n<p>\u201cPetr\u00f3polis \u00e9 bem diferente do Rio e a serra \u00e9 muito bonita! Poder ver de perto o que eu aprendi na escola foi bem legal. Eu fiquei muito mais interessada pela hist\u00f3ria do Brasil depois dessa viagem\u201d, disse Ana.<\/p>\n<p>Aluna do 1o ano do ensino m\u00e9dio da Escola Municipal Aldebar\u00e3, em Santa Cruz, Ana Beatriz Ramos, de 17 anos, espera poder repetir a experi\u00eancia da viagem com os amigos.<\/p>\n<p>\u201cFiquei encantada com a sala de jogos e de dan\u00e7a do Museu Imperial. Tudo t\u00e3o diferente da nossa forma de interagir hoje em dia. Fiquei pensando em como as pessoas se divertiam e socializava naquela \u00e9poca\u201d, finalizou a estudante.<\/p>\n<p>A viagem dos jovens da FIA a Petr\u00f3polis foi organizada pela Coordenadoria de Capacita\u00e7\u00e3o e Avalia\u00e7\u00e3o de Servidores da PGE-RJ, em parceria com Legi\u00e3o da Boa Vontade e a Super R\u00e1dio Brasil.<\/p>\n","protected":false},"excerpt":{"rendered":"<p>A Coordenadoria de Capacita\u00e7\u00e3o e Avalia\u00e7\u00e3o de Servidores (CCAS) da Procuradoria Geral do Estado do Rio de Janeiro (PGE-RJ) tem se empenhado para que os 110 bolsistas do Programa de Trabalho Protegido na Adolesc\u00eancia (PTPA) &#8211; em parceria com a Funda\u00e7\u00e3o para a Inf\u00e2ncia e Adolesc\u00eancia (FIA)- tenham muito al\u00e9m do que o est\u00e1gio pr\u00e1tico de rotinas administrativas na institui\u00e7\u00e3o, [&hellip;]<\/p>\n","protected":false},"author":27,"featured_media":0,"comment_status":"open","ping_status":"closed","sticky":false,"template":"","format":"standard","meta":{"footnotes":""},"categories":[2719],"tags":[8901,15644,1076,15647,1271,14117,15645,15646,58],"class_list":["post-13107","post","type-post","status-publish","format-standard","hentry","category-servidor","tag-bolsistas","tag-ccas","tag-curso","tag-fia","tag-historia","tag-mercado-de-trabalho","tag-pge-rj","tag-ptpa","tag-servidores"],"_links":{"self":[{"href":"https:\/\/blogs.correiobraziliense.com.br\/servidor\/wp-json\/wp\/v2\/posts\/13107","targetHints":{"allow":["GET"]}}],"collection":[{"href":"https:\/\/blogs.correiobraziliense.com.br\/servidor\/wp-json\/wp\/v2\/posts"}],"about":[{"href":"https:\/\/blogs.correiobraziliense.com.br\/servidor\/wp-json\/wp\/v2\/types\/post"}],"author":[{"embeddable":true,"href":"https:\/\/blogs.correiobraziliense.com.br\/servidor\/wp-json\/wp\/v2\/users\/27"}],"replies":[{"embeddable":true,"href":"https:\/\/blogs.correiobraziliense.com.br\/servidor\/wp-json\/wp\/v2\/comments?post=13107"}],"version-history":[{"count":1,"href":"https:\/\/blogs.correiobraziliense.com.br\/servidor\/wp-json\/wp\/v2\/posts\/13107\/revisions"}],"predecessor-version":[{"id":13108,"href":"https:\/\/blogs.correiobraziliense.com.br\/servidor\/wp-json\/wp\/v2\/posts\/13107\/revisions\/13108"}],"wp:attachment":[{"href":"https:\/\/blogs.correiobraziliense.com.br\/servidor\/wp-json\/wp\/v2\/media?parent=13107"}],"wp:term":[{"taxonomy":"category","embeddable":true,"href":"https:\/\/blogs.correiobraziliense.com.br\/servidor\/wp-json\/wp\/v2\/categories?post=13107"},{"taxonomy":"post_tag","embeddable":true,"href":"https:\/\/blogs.correiobraziliense.com.br\/servidor\/wp-json\/wp\/v2\/tags?post=13107"}],"curies":[{"name":"wp","href":"https:\/\/api.w.org\/{rel}","templated":true}]}}