{"id":13105,"date":"2019-07-09T18:33:10","date_gmt":"2019-07-09T21:33:10","guid":{"rendered":"https:\/\/blogs.correiobraziliense.com.br\/servidor\/?p=13105"},"modified":"2019-07-09T18:33:10","modified_gmt":"2019-07-09T21:33:10","slug":"anadef-contra-plano-de-contingenciamento-e-fechamento-de-unidades-do-interior-do-pais","status":"publish","type":"post","link":"https:\/\/blogs.correiobraziliense.com.br\/servidor\/anadef-contra-plano-de-contingenciamento-e-fechamento-de-unidades-do-interior-do-pais\/","title":{"rendered":"Anadef contra plano de contingenciamento e fechamento de unidades do interior do pa\u00eds"},"content":{"rendered":"<p><em>Por meio de nota p\u00fablica, a\u00a0<span style=\"text-align: left;color: #333333;text-indent: 0px;letter-spacing: normal;font-family: -apple-system,BlinkMacSystemFont,'Segoe UI',Roboto,Oxygen-Sans,Ubuntu,Cantarell,'Helvetica Neue',sans-serif;font-size: 16px;font-variant: normal;font-weight: 400;text-decoration: none;cursor: text;float: none;background-color: transparent\">Associa\u00e7\u00e3o Nacional dos Defensores P\u00fablicos Federais (Anadef) informa que &#8220;a devolu\u00e7\u00e3o abrupta de cerca de 70% da for\u00e7a de trabalho da DPU gerar\u00e1 um colapso imediato na institui\u00e7\u00e3o, impedindo-a de prestar atendimento \u00e0 popula\u00e7\u00e3o&#8221;<\/span><\/em><\/p>\n<p>Veja a nota na \u00edntegra:<\/p>\n<p>\u00c9 com extrema preocupa\u00e7\u00e3o que a Associa\u00e7\u00e3o Nacional dos Defensores P\u00fablicos Federais (Anadef) avalia o plano de contingenciamento de atua\u00e7\u00e3o e fechamento de unidades no interior do pa\u00eds em discuss\u00e3o na Defensoria P\u00fablica da Uni\u00e3o (DPU). O plano decorre do impasse acerca da manuten\u00e7\u00e3o da for\u00e7a de trabalho dos servidores requisitados pela DPU, gerado pelos artigos 105 a 108 da Lei 13.328\/2016.<\/p>\n<p>A DPU n\u00e3o conta com carreira de servidores de apoio \u00e0 atividade-fim dos Defensores P\u00fablicos Federais. A muito prec\u00e1ria estrutura administrativa do \u00f3rg\u00e3o, que se estende por 80 unidades no pa\u00eds, al\u00e9m da Administra\u00e7\u00e3o Superior em Bras\u00edlia-DF, \u00e9 hoje composta por cerca de 800 servidores requisitados, 300 servidores do Plano Geral do Poder Executivo \u2013 PGPE e pouco mais de 100 servidores anistiados.<\/p>\n<p>A Lei 13.328\/2016 determinou a devolu\u00e7\u00e3o de todos os servidores requisitados pela DPU, em at\u00e9 tr\u00eas anos contados de sua vig\u00eancia. Passados, por\u00e9m, esses tr\u00eas anos, n\u00e3o foi criada a carreira de servidores de apoio da DPU, situa\u00e7\u00e3o ainda mais distante em face da imposi\u00e7\u00e3o de limites or\u00e7ament\u00e1rios severos \u00e0s institui\u00e7\u00f5es aut\u00f4nomas pela EC 95\/2016 (teto dos gastos).<\/p>\n<p>A devolu\u00e7\u00e3o abrupta de cerca de 70% da for\u00e7a de trabalho da DPU gerar\u00e1 um colapso imediato na institui\u00e7\u00e3o, impedindo-a de prestar atendimento \u00e0 popula\u00e7\u00e3o. Vale lembrar que a DPU, a despeito do corpo ex\u00edguo de servidores e do n\u00famero insuficiente de 625 Defensores P\u00fablicos Federais em atividade, prestou quase dois milh\u00f5es de atendimentos \u00e0 popula\u00e7\u00e3o em 2018, exercendo a defesa judicial e extrajudicial, em todas as mat\u00e9rias de compet\u00eancia federal, sempre em favor dos mais necessitados, idosos, crian\u00e7as, adolescentes, consumidores, militares, fam\u00edlias, povos tradicionais, pessoas em situa\u00e7\u00e3o de rua, presos e grupos vulner\u00e1veis em geral.<\/p>\n<p>A Anadef conta com o apoio das autoridades constitu\u00eddas para impedir esse retrocesso de dez anos no atendimento jur\u00eddico de excel\u00eancia \u00e0 popula\u00e7\u00e3o carente e na promo\u00e7\u00e3o do acesso \u00e0 Justi\u00e7a a quem mais precisa.<\/p>\n<p>Associa\u00e7\u00e3o Nacional dos Defensores P\u00fablicos Federais&#8221;<\/p>\n","protected":false},"excerpt":{"rendered":"<p>Por meio de nota p\u00fablica, a\u00a0Associa\u00e7\u00e3o Nacional dos Defensores P\u00fablicos Federais (Anadef) informa que &#8220;a devolu\u00e7\u00e3o abrupta de cerca de 70% da for\u00e7a de trabalho da DPU gerar\u00e1 um colapso imediato na institui\u00e7\u00e3o, impedindo-a de prestar atendimento \u00e0 popula\u00e7\u00e3o&#8221; Veja a nota na \u00edntegra: \u00c9 com extrema preocupa\u00e7\u00e3o que a Associa\u00e7\u00e3o Nacional dos Defensores P\u00fablicos Federais (Anadef) avalia o plano [&hellip;]<\/p>\n","protected":false},"author":27,"featured_media":0,"comment_status":"open","ping_status":"closed","sticky":false,"template":"","format":"standard","meta":{"footnotes":""},"categories":[2719],"tags":[2743,4235,188,5649,15641,2789,564,4471,6582,15642,15643,9577,58,514],"class_list":["post-13105","post","type-post","status-publish","format-standard","hentry","category-servidor","tag-anadef","tag-atividade-fim","tag-carreira","tag-contingenciamento","tag-defensores-publicos-federais","tag-dpu","tag-estrutura","tag-fechamento","tag-interior","tag-lei-13-328-2016","tag-pgpe","tag-requisitados","tag-servidores","tag-unidades"],"_links":{"self":[{"href":"https:\/\/blogs.correiobraziliense.com.br\/servidor\/wp-json\/wp\/v2\/posts\/13105","targetHints":{"allow":["GET"]}}],"collection":[{"href":"https:\/\/blogs.correiobraziliense.com.br\/servidor\/wp-json\/wp\/v2\/posts"}],"about":[{"href":"https:\/\/blogs.correiobraziliense.com.br\/servidor\/wp-json\/wp\/v2\/types\/post"}],"author":[{"embeddable":true,"href":"https:\/\/blogs.correiobraziliense.com.br\/servidor\/wp-json\/wp\/v2\/users\/27"}],"replies":[{"embeddable":true,"href":"https:\/\/blogs.correiobraziliense.com.br\/servidor\/wp-json\/wp\/v2\/comments?post=13105"}],"version-history":[{"count":1,"href":"https:\/\/blogs.correiobraziliense.com.br\/servidor\/wp-json\/wp\/v2\/posts\/13105\/revisions"}],"predecessor-version":[{"id":13106,"href":"https:\/\/blogs.correiobraziliense.com.br\/servidor\/wp-json\/wp\/v2\/posts\/13105\/revisions\/13106"}],"wp:attachment":[{"href":"https:\/\/blogs.correiobraziliense.com.br\/servidor\/wp-json\/wp\/v2\/media?parent=13105"}],"wp:term":[{"taxonomy":"category","embeddable":true,"href":"https:\/\/blogs.correiobraziliense.com.br\/servidor\/wp-json\/wp\/v2\/categories?post=13105"},{"taxonomy":"post_tag","embeddable":true,"href":"https:\/\/blogs.correiobraziliense.com.br\/servidor\/wp-json\/wp\/v2\/tags?post=13105"}],"curies":[{"name":"wp","href":"https:\/\/api.w.org\/{rel}","templated":true}]}}