{"id":13098,"date":"2019-07-09T17:14:54","date_gmt":"2019-07-09T20:14:54","guid":{"rendered":"https:\/\/blogs.correiobraziliense.com.br\/servidor\/?p=13098"},"modified":"2019-07-09T17:14:54","modified_gmt":"2019-07-09T20:14:54","slug":"sindicato-dos-bancarios-governo-intervem-novamente-no-bb-e-nomeia-filho-do-vice-presidente-como-executivo","status":"publish","type":"post","link":"https:\/\/blogs.correiobraziliense.com.br\/servidor\/sindicato-dos-bancarios-governo-intervem-novamente-no-bb-e-nomeia-filho-do-vice-presidente-como-executivo\/","title":{"rendered":"Sindicato dos Banc\u00e1rios &#8211; Governo interv\u00e9m novamente no BB e nomeia filho do vice-presidente como executivo"},"content":{"rendered":"<p><em>Por meio de nota, o Sindicato dos Banc\u00e1rios informou que a interfer\u00eancia do governo federal no Banco do Brasil n\u00e3o parou. O mais recente epis\u00f3dio \u00e9 a nomea\u00e7\u00e3o, sem processo seletivo, de Antonio Hamilton Rossell Mour\u00e3o, do filho do atual vice-presidente da Rep\u00fablica. A assessoria de imprensa nega privil\u00e9gios<\/em><\/p>\n<p>O Sindicato dos Banc\u00e1rios destaca que Mour\u00e3o foi agora\u00a0 para a \u00e1rea de marketing da empresa.a &#8220;Ele agora vai ocupar a vaga de gerente executivo, que est\u00e1 aberta desde a ilegal interven\u00e7\u00e3o direta de Bolsonaro na empresa, que retirou do ar pe\u00e7a publicit\u00e1ria que tratava de diversidade&#8221;, diz a nota.<\/p>\n<p><strong>Processos seletivos est\u00e3o sendo atacados<\/strong><\/p>\n<p>O Sindicato recebeu outras den\u00fancias de nomea\u00e7\u00f5es em diversas fun\u00e7\u00f5es que desrespeitam os processos seletivos vigentes no banco.\u00a0Para a fun\u00e7\u00e3o de gerente executivo, por exemplo, o banco conta com processo seletivo pr\u00f3prio, que envolve a participa\u00e7\u00e3o do trabalhador numa bolsa de executivos e em outras etapas, diz o sindicato.<\/p>\n<p>&#8220;O objetivo do governo federal, capitaneado por Rubem Novaes, \u00e9 utilizar nomea\u00e7\u00f5es fora das regras para aparelhar o m\u00e1ximo poss\u00edvel o Banco do Brasil, n\u00e3o importando o crit\u00e9rio t\u00e9cnico&#8221;, destaca a entidade.<\/p>\n<p><strong>Gest\u00e3o insiste em descomissionar sem crit\u00e9rio<\/strong><\/p>\n<p>O Sindicato se reuniu com diversos trabalhadores que foram descomissionados nos \u00faltimos meses. Na maioria dos casos, os descomissionamentos foram por ato de gest\u00e3o, sem justificativa. Outros remontam a descomissionamentos por avalia\u00e7\u00e3o, utilizando-se indevidamente da GDP.<\/p>\n<p>O Sindicato informou que atua juridicamente na defesa desses banc\u00e1rios e est\u00e1 revertendo a perda remunerat\u00f3ria causada pela&#8221; a\u00e7\u00e3o ilegal da empresa&#8221;. &#8216;Os banc\u00e1rios podem fazer den\u00fancias, tendo sua identidade preservada, pela Central de Atendimento do Sindicato, no 3262-9090 ou centraldeatendimento@bancariosdf.com.br&#8221;, avisa.<\/p>\n<p>\u201cO governo est\u00e1 pavimentando o caminho com vistas a fragilizar o banco, destruindo o corpo t\u00e9cnico da empresa para piorar sua atua\u00e7\u00e3o no mercado brasileiro, enfraquecendo a imagem do institui\u00e7\u00e3o junto \u00e0 sociedade. Com isso, al\u00e9m de perder clientes e competitividade, prepara a sua privatiza\u00e7\u00e3o\u201d, denuncia o presidente do Sindicato, Kleytton Morais, banc\u00e1rio do BB.<\/p>\n<p><strong>O outro lado<\/strong><\/p>\n<p>Por meio da assessoria de imprensa, o Banco do Brasil negou qualquer tipo de aparelhamento, uso indevido dos crit\u00e9rios do GDP. &#8220;Mour\u00e3o n\u00e3o est\u00e1 indo para a vaga de diretor. Ele vai para a vaga de gerente, que \u00e9 semelhante \u00e0 de assessor especial. Portanto, n\u00e3o houve aparelhamento e nem mudan\u00e7a no sistema. Ele \u00e9 funcion\u00e1rio de carreira&#8221;, informou a assessoria.<\/p>\n","protected":false},"excerpt":{"rendered":"<p>Por meio de nota, o Sindicato dos Banc\u00e1rios informou que a interfer\u00eancia do governo federal no Banco do Brasil n\u00e3o parou. O mais recente epis\u00f3dio \u00e9 a nomea\u00e7\u00e3o, sem processo seletivo, de Antonio Hamilton Rossell Mour\u00e3o, do filho do atual vice-presidente da Rep\u00fablica. A assessoria de imprensa nega privil\u00e9gios O Sindicato dos Banc\u00e1rios destaca que Mour\u00e3o foi agora\u00a0 para a [&hellip;]<\/p>\n","protected":false},"author":27,"featured_media":0,"comment_status":"open","ping_status":"closed","sticky":false,"template":"","format":"standard","meta":{"footnotes":""},"categories":[2719],"tags":[1773,581,457,903,15634,1522,814,6900,307,11688,12806,6554],"class_list":["post-13098","post","type-post","status-publish","format-standard","hentry","category-servidor","tag-banco-do-brasil","tag-bolsa","tag-denuncias","tag-etapas","tag-gerante-executivo","tag-governo-federal","tag-interferencia","tag-marketing","tag-nomeacao","tag-processo-seletivo","tag-sindicato-dos-bancarios","tag-vice-presidente"],"_links":{"self":[{"href":"https:\/\/blogs.correiobraziliense.com.br\/servidor\/wp-json\/wp\/v2\/posts\/13098","targetHints":{"allow":["GET"]}}],"collection":[{"href":"https:\/\/blogs.correiobraziliense.com.br\/servidor\/wp-json\/wp\/v2\/posts"}],"about":[{"href":"https:\/\/blogs.correiobraziliense.com.br\/servidor\/wp-json\/wp\/v2\/types\/post"}],"author":[{"embeddable":true,"href":"https:\/\/blogs.correiobraziliense.com.br\/servidor\/wp-json\/wp\/v2\/users\/27"}],"replies":[{"embeddable":true,"href":"https:\/\/blogs.correiobraziliense.com.br\/servidor\/wp-json\/wp\/v2\/comments?post=13098"}],"version-history":[{"count":1,"href":"https:\/\/blogs.correiobraziliense.com.br\/servidor\/wp-json\/wp\/v2\/posts\/13098\/revisions"}],"predecessor-version":[{"id":13099,"href":"https:\/\/blogs.correiobraziliense.com.br\/servidor\/wp-json\/wp\/v2\/posts\/13098\/revisions\/13099"}],"wp:attachment":[{"href":"https:\/\/blogs.correiobraziliense.com.br\/servidor\/wp-json\/wp\/v2\/media?parent=13098"}],"wp:term":[{"taxonomy":"category","embeddable":true,"href":"https:\/\/blogs.correiobraziliense.com.br\/servidor\/wp-json\/wp\/v2\/categories?post=13098"},{"taxonomy":"post_tag","embeddable":true,"href":"https:\/\/blogs.correiobraziliense.com.br\/servidor\/wp-json\/wp\/v2\/tags?post=13098"}],"curies":[{"name":"wp","href":"https:\/\/api.w.org\/{rel}","templated":true}]}}