{"id":13081,"date":"2019-07-05T16:31:04","date_gmt":"2019-07-05T19:31:04","guid":{"rendered":"https:\/\/blogs.correiobraziliense.com.br\/servidor\/?p=13081"},"modified":"2019-07-05T16:31:04","modified_gmt":"2019-07-05T19:31:04","slug":"anamatra-trabalho-infantil-declaracoes-do-presidente-da-republica-demonstram-desconhecimento-da-realidade","status":"publish","type":"post","link":"https:\/\/blogs.correiobraziliense.com.br\/servidor\/anamatra-trabalho-infantil-declaracoes-do-presidente-da-republica-demonstram-desconhecimento-da-realidade\/","title":{"rendered":"Anamatra &#8211; Trabalho infantil: declara\u00e7\u00f5es do presidente da Rep\u00fablica demonstram desconhecimento da realidade"},"content":{"rendered":"<p><em>Em nota de rep\u00fadio \u00e0s declara\u00e7\u00f5es do presidente da Rep\u00fablica em defesa do trabalho infantil, a Associa\u00e7\u00e3o Nacional dos Magistrados da Justi\u00e7a do Trabalho (Anamatra) defende que governo se volte \u00e0 promo\u00e7\u00e3o de pol\u00edticas p\u00fablicas para reinser\u00e7\u00e3o de adultos desempregados<\/em><\/p>\n<p>Para a entidade, o presidente demonstra desconhecer por completo a realidade de mais de dois milh\u00f5es de crian\u00e7as e adolescentes massacrados pelo trabalho em condi\u00e7\u00f5es superiores \u00e0s suas for\u00e7as f\u00edsicas e mentais. O Brasil tem 2,4 milh\u00f5es de crian\u00e7as e adolescentes entre cinco e 17 anos trabalhando, de acordo com dados do IBGE (PnadC 2016), o que representa 6% da popula\u00e7\u00e3o (40,1 milh\u00f5es) nessa faixa et\u00e1ria. Desse universo, 1,7 milh\u00e3o exercem tamb\u00e9m afazeres dom\u00e9sticos de forma concomitante ao trabalho e, provavelmente, aos estudos.<\/p>\n<p>Veja a \u00edntegra da nota:<\/p>\n<p>&#8220;A Anamatra \u2013 Associa\u00e7\u00e3o Nacional dos Magistrados da Justi\u00e7a do Trabalho, entidade representativa de cerca de 4 mil ju\u00edzes do Trabalho em todo o Brasil, vem a p\u00fablico repudiar as declara\u00e7\u00f5es do sr. presidente da Rep\u00fablica, proferidas nesta quinta-feira, 04 de julho, em defesa do trabalho infantil.<\/p>\n<p>Insiste o presidente da Rep\u00fablica em condenar a inf\u00e2ncia e a adolesc\u00eancia brasileiras ao surrado argumento do \u201cou trabalha, ou vai roubar\u201d. Demonstra, assim, desconhecer por completo a realidade de mais de dois milh\u00f5es de crian\u00e7as massacradas pelo trabalho em condi\u00e7\u00f5es superiores \u00e0s suas for\u00e7as f\u00edsicas e mentais, dos mais de duzentos \u00f3bitos e dos mais de 40 mil crian\u00e7as e jovens que sofreram mutila\u00e7\u00f5es e deforma\u00e7\u00f5es decorrentes de acidentes de trabalho entre 2007 e 2017. Isso sem mencionar os traumas psicol\u00f3gicos advindos do amadurecimento precoce, do enfraquecimento dos la\u00e7os familiares e do preju\u00edzo ao desenvolvimento da escolaridade, e, consequentemente, das oportunidades.<\/p>\n<p>O que os cidad\u00e3os brasileiros aguardam \u00e9 que o governo federal desenvolva pol\u00edticas p\u00fablicas de reinser\u00e7\u00e3o de 45 milh\u00f5es de adultos desempregados e subutilizados ao mercado de trabalho. Pol\u00edticas essas que fa\u00e7am convergir os compromissos do pa\u00eds \u00e0s Conven\u00e7\u00f5es Internacionais 138 e 182 da OIT, das quais o Brasil \u00e9 signat\u00e1rio, bem como ao caput e o \u00a7 3\u00ba do art. 227 da Constitui\u00e7\u00e3o Federal, que atribuem ao Estado brasileiro, que chefia, o dever incontorn\u00e1vel de assegurar \u00e0 crian\u00e7a e ao adolescente, com absoluta prioridade, os direitos \u00e0 vida, \u00e0 sa\u00fade, \u00e0 alimenta\u00e7\u00e3o, \u00e0 educa\u00e7\u00e3o, ao lazer, \u00e0 profissionaliza\u00e7\u00e3o, \u00e0 cultura, \u00e0 dignidade, ao respeito, \u00e0 liberdade e \u00e0 conviv\u00eancia familiar e comunit\u00e1ria, e a oferecer prote\u00e7\u00e3o especial diante de toda forma de neglig\u00eancia, discrimina\u00e7\u00e3o, explora\u00e7\u00e3o, viol\u00eancia, crueldade e opress\u00e3o, com especial prote\u00e7\u00e3o \u00e0s garantias trabalhistas e previdenci\u00e1rias.<\/p>\n<p>Crian\u00e7a \u00e9 para estudar e brincar.<\/p>\n<p>Bras\u00edlia, 5 de julho de 2019.<\/p>\n<p>Noemia Garcia Porto<br \/>\nPresidente da Anamatra&#8221;<\/p>\n","protected":false},"excerpt":{"rendered":"<p>Em nota de rep\u00fadio \u00e0s declara\u00e7\u00f5es do presidente da Rep\u00fablica em defesa do trabalho infantil, a Associa\u00e7\u00e3o Nacional dos Magistrados da Justi\u00e7a do Trabalho (Anamatra) defende que governo se volte \u00e0 promo\u00e7\u00e3o de pol\u00edticas p\u00fablicas para reinser\u00e7\u00e3o de adultos desempregados Para a entidade, o presidente demonstra desconhecer por completo a realidade de mais de dois milh\u00f5es de crian\u00e7as e adolescentes [&hellip;]<\/p>\n","protected":false},"author":27,"featured_media":0,"comment_status":"open","ping_status":"closed","sticky":false,"template":"","format":"standard","meta":{"footnotes":""},"categories":[2719],"tags":[5257,6528,12732,1408,4017,15608,15604,11063,3380,1086,1384,11171,98,2042,344,15605,15606,15607,10851,545,1019,5166,1217,7279,12622,15609],"class_list":["post-13081","post","type-post","status-publish","format-standard","hentry","category-servidor","tag-acidentes","tag-adolescentes","tag-adultos","tag-anamatra","tag-criancas","tag-deformacoes","tag-desempregadfos","tag-domesticos","tag-escolaridade","tag-estudos","tag-fisicas","tag-forcas","tag-governo","tag-ibge","tag-juizes","tag-massacrados","tag-mentais","tag-mutilacoes","tag-politicas-publicas","tag-populacao","tag-prejuizo","tag-presidente-da-republica","tag-repudio","tag-roubar","tag-trabalho-infantil","tag-traumas"],"_links":{"self":[{"href":"https:\/\/blogs.correiobraziliense.com.br\/servidor\/wp-json\/wp\/v2\/posts\/13081","targetHints":{"allow":["GET"]}}],"collection":[{"href":"https:\/\/blogs.correiobraziliense.com.br\/servidor\/wp-json\/wp\/v2\/posts"}],"about":[{"href":"https:\/\/blogs.correiobraziliense.com.br\/servidor\/wp-json\/wp\/v2\/types\/post"}],"author":[{"embeddable":true,"href":"https:\/\/blogs.correiobraziliense.com.br\/servidor\/wp-json\/wp\/v2\/users\/27"}],"replies":[{"embeddable":true,"href":"https:\/\/blogs.correiobraziliense.com.br\/servidor\/wp-json\/wp\/v2\/comments?post=13081"}],"version-history":[{"count":1,"href":"https:\/\/blogs.correiobraziliense.com.br\/servidor\/wp-json\/wp\/v2\/posts\/13081\/revisions"}],"predecessor-version":[{"id":13082,"href":"https:\/\/blogs.correiobraziliense.com.br\/servidor\/wp-json\/wp\/v2\/posts\/13081\/revisions\/13082"}],"wp:attachment":[{"href":"https:\/\/blogs.correiobraziliense.com.br\/servidor\/wp-json\/wp\/v2\/media?parent=13081"}],"wp:term":[{"taxonomy":"category","embeddable":true,"href":"https:\/\/blogs.correiobraziliense.com.br\/servidor\/wp-json\/wp\/v2\/categories?post=13081"},{"taxonomy":"post_tag","embeddable":true,"href":"https:\/\/blogs.correiobraziliense.com.br\/servidor\/wp-json\/wp\/v2\/tags?post=13081"}],"curies":[{"name":"wp","href":"https:\/\/api.w.org\/{rel}","templated":true}]}}