{"id":1308,"date":"2016-03-16T19:42:29","date_gmt":"2016-03-16T22:42:29","guid":{"rendered":"https:\/\/blogs.correiobraziliense.com.br\/servidor\/?p=1308"},"modified":"2016-03-16T19:42:29","modified_gmt":"2016-03-16T22:42:29","slug":"juiz-do-tjba-vai-responder-pad-por-receber-passagens-aereas-indevidamente","status":"publish","type":"post","link":"https:\/\/blogs.correiobraziliense.com.br\/servidor\/juiz-do-tjba-vai-responder-pad-por-receber-passagens-aereas-indevidamente\/","title":{"rendered":"JUIZ DO TJBA VAI RESPONDER PAD POR RECEBER PASSAGENS A\u00c9REAS INDEVIDAMENTE"},"content":{"rendered":"<p>O Plen\u00e1rio do Conselho Nacional de Justi\u00e7a (CNJ) acolheu por unanimidade, na ter\u00e7a-feira (15\/03), proposta de abertura de Processo Administrativo Disciplinar (PAD) contra o juiz Rosalino dos Santos Almeida, do Tribunal de Justi\u00e7a da Bahia (TJBA). A proposi\u00e7\u00e3o foi feita pela corregedora nacional de Justi\u00e7a, ministra Nancy Andrighi, que entendeu que o magistrado infringiu seus deveres constitucionais e o C\u00f3digo de \u00c9tica da Magistratura Nacional ao aceitar, a t\u00edtulo de \u201ccortesia\u201d, passagens a\u00e9reas da Companhia Hidrel\u00e9trica do S\u00e3o Francisco (Chesf) para seus familiares.<\/p>\n<p>Almeida \u00e9 titular da 1\u00aa Vara C\u00edvel da Comarca de Paulo Afonso, a cerca de 450 km de Salvador, munic\u00edpio onde est\u00e1 localizada a Chesf, empresa energ\u00e9tica de economia mista ligada ao Governo Federal. Segundo os autos analisados pela Corregedoria, o magistrado \u00e9 respons\u00e1vel pelo processamento e julgamento de diversos feitos de interesse da empresa estatal. Portanto, n\u00e3o seria admiss\u00edvel que o juiz e sua fam\u00edlia se beneficiassem de qualquer tipo de vantagem.<\/p>\n<p>O pr\u00f3prio juiz reconheceu ter recebido passagens a\u00e9reas da Chesf para o transporte de sua esposa e sua filha no trecho entre Paulo Afonso e Salvador. Almeida alegou que se tratava de uma \u201ccortesia\u201d e que seus familiares estariam passando por tratamento m\u00e9dico na capital baiana.<\/p>\n<p>Em seu voto, a corregedora Nancy Andrighi destacou a veda\u00e7\u00e3o expl\u00edcita no artigo 95, par\u00e1grafo \u00fanico, inciso VI, da Carta Magna: \u201cAos ju\u00edzes \u00e9 vedado: (&#8230;) receber, a qualquer t\u00edtulo ou pretexto, aux\u00edlios ou contribui\u00e7\u00f5es de pessoas f\u00edsicas, entidades p\u00fablicas ou privadas, ressalvadas as exce\u00e7\u00f5es previstas em lei.\u201d<\/p>\n","protected":false},"excerpt":{"rendered":"<p>O Plen\u00e1rio do Conselho Nacional de Justi\u00e7a (CNJ) acolheu por unanimidade, na ter\u00e7a-feira (15\/03), proposta de abertura de Processo Administrativo Disciplinar (PAD) contra o juiz Rosalino dos Santos Almeida, do Tribunal de Justi\u00e7a da Bahia (TJBA). A proposi\u00e7\u00e3o foi feita pela corregedora nacional de Justi\u00e7a, ministra Nancy Andrighi, que entendeu que o magistrado infringiu seus deveres constitucionais e o C\u00f3digo [&hellip;]<\/p>\n","protected":false},"author":27,"featured_media":0,"comment_status":"open","ping_status":"closed","sticky":false,"template":"","format":"standard","meta":{"footnotes":""},"categories":[1],"tags":[391,1394,429,1391,1393,1392,1390,1389],"class_list":["post-1308","post","type-post","status-publish","format-standard","hentry","category-sem-categoria","tag-aereas","tag-indevidamente","tag-juiz","tag-pad","tag-passagens","tag-receber","tag-responder","tag-tjba"],"_links":{"self":[{"href":"https:\/\/blogs.correiobraziliense.com.br\/servidor\/wp-json\/wp\/v2\/posts\/1308","targetHints":{"allow":["GET"]}}],"collection":[{"href":"https:\/\/blogs.correiobraziliense.com.br\/servidor\/wp-json\/wp\/v2\/posts"}],"about":[{"href":"https:\/\/blogs.correiobraziliense.com.br\/servidor\/wp-json\/wp\/v2\/types\/post"}],"author":[{"embeddable":true,"href":"https:\/\/blogs.correiobraziliense.com.br\/servidor\/wp-json\/wp\/v2\/users\/27"}],"replies":[{"embeddable":true,"href":"https:\/\/blogs.correiobraziliense.com.br\/servidor\/wp-json\/wp\/v2\/comments?post=1308"}],"version-history":[{"count":1,"href":"https:\/\/blogs.correiobraziliense.com.br\/servidor\/wp-json\/wp\/v2\/posts\/1308\/revisions"}],"predecessor-version":[{"id":1309,"href":"https:\/\/blogs.correiobraziliense.com.br\/servidor\/wp-json\/wp\/v2\/posts\/1308\/revisions\/1309"}],"wp:attachment":[{"href":"https:\/\/blogs.correiobraziliense.com.br\/servidor\/wp-json\/wp\/v2\/media?parent=1308"}],"wp:term":[{"taxonomy":"category","embeddable":true,"href":"https:\/\/blogs.correiobraziliense.com.br\/servidor\/wp-json\/wp\/v2\/categories?post=1308"},{"taxonomy":"post_tag","embeddable":true,"href":"https:\/\/blogs.correiobraziliense.com.br\/servidor\/wp-json\/wp\/v2\/tags?post=1308"}],"curies":[{"name":"wp","href":"https:\/\/api.w.org\/{rel}","templated":true}]}}