{"id":13078,"date":"2019-07-05T15:03:12","date_gmt":"2019-07-05T18:03:12","guid":{"rendered":"https:\/\/blogs.correiobraziliense.com.br\/servidor\/?p=13078"},"modified":"2019-07-05T15:03:12","modified_gmt":"2019-07-05T18:03:12","slug":"previdencia-segue-adiante-na-camara-sem-novidades-para-servidores-e-professores","status":"publish","type":"post","link":"https:\/\/blogs.correiobraziliense.com.br\/servidor\/previdencia-segue-adiante-na-camara-sem-novidades-para-servidores-e-professores\/","title":{"rendered":"Previd\u00eancia segue adiante na C\u00e2mara sem novidades para servidores e professores"},"content":{"rendered":"<p><em>A bancada da educa\u00e7\u00e3o \u00e9 contra pontos do texto. Sem novos avan\u00e7os para regra de transi\u00e7\u00e3o dos servidores e da situa\u00e7\u00e3o dos professores, o relat\u00f3rio da Previd\u00eancia foi aprovado na quinta-feira (04) na Comiss\u00e3o Especial, com placar de 36 a 13.<\/em><\/p>\n<p>\u201cA pressa do governo prejudicou os debates e n\u00e3o ajudou para solucionar os problemas da previd\u00eancia. Era essencial discutir, por exemplo, a quest\u00e3o atuarial e a fixa\u00e7\u00e3o de crit\u00e9rios para despesas e receitas, mas n\u00e3o tivemos tempo\u201d, afirma Professor Israel Batista (PV-DF).<\/p>\n<p>\u00danico membro do Distrito Federal no debate da proposta, o parlamentar votou contra e j\u00e1 articula apoio dos pares para aprova\u00e7\u00e3o de emendas e destaques em Plen\u00e1rio. Segundo ele, o objetivo \u00e9 retirar os professores da proposta e garantir uma regra de transi\u00e7\u00e3o mais justa para os servidores.<\/p>\n<p><strong>Bancada da educa\u00e7\u00e3o contra<\/strong><\/p>\n<p>Secret\u00e1rio-geral da Frente Parlamentar Mista da Educa\u00e7\u00e3o, Israel Batista tamb\u00e9m conduz o grupo de parlamentares que saiu em defesa dos professores. Em nota oficial, a frente manifestou rep\u00fadio ao descaso com a educa\u00e7\u00e3o e ao desprest\u00edgio dos docentes. Quer, da mesma forma, a retirada dos professores da reforma.<\/p>\n<p>Como ficou para os professores<\/p>\n<p>Para os homens, est\u00e1 garantida a aposentadoria aos 60 anos de idade. Para as mulheres, foi aprovada a redu\u00e7\u00e3o para 57 anos, com direito \u00e0 integralidade (valor conforme o \u00faltimo sal\u00e1rio) e \u00e0 paridade (reajustes compat\u00edveis aos docentes em atividade). O tempo de contribui\u00e7\u00e3o foi mantido em 25 anos para mulheres e 30 para os homens.<\/p>\n","protected":false},"excerpt":{"rendered":"<p>A bancada da educa\u00e7\u00e3o \u00e9 contra pontos do texto. Sem novos avan\u00e7os para regra de transi\u00e7\u00e3o dos servidores e da situa\u00e7\u00e3o dos professores, o relat\u00f3rio da Previd\u00eancia foi aprovado na quinta-feira (04) na Comiss\u00e3o Especial, com placar de 36 a 13. \u201cA pressa do governo prejudicou os debates e n\u00e3o ajudou para solucionar os problemas da previd\u00eancia. Era essencial discutir, [&hellip;]<\/p>\n","protected":false},"author":27,"featured_media":0,"comment_status":"open","ping_status":"closed","sticky":false,"template":"","format":"standard","meta":{"footnotes":""},"categories":[2719],"tags":[4233,48,2402,2776,2976,9727,58,2226],"class_list":["post-13078","post","type-post","status-publish","format-standard","hentry","category-servidor","tag-destaques","tag-educacao","tag-emendas","tag-plenario","tag-professores","tag-reforma-da-previdencia","tag-servidores","tag-transicao"],"_links":{"self":[{"href":"https:\/\/blogs.correiobraziliense.com.br\/servidor\/wp-json\/wp\/v2\/posts\/13078","targetHints":{"allow":["GET"]}}],"collection":[{"href":"https:\/\/blogs.correiobraziliense.com.br\/servidor\/wp-json\/wp\/v2\/posts"}],"about":[{"href":"https:\/\/blogs.correiobraziliense.com.br\/servidor\/wp-json\/wp\/v2\/types\/post"}],"author":[{"embeddable":true,"href":"https:\/\/blogs.correiobraziliense.com.br\/servidor\/wp-json\/wp\/v2\/users\/27"}],"replies":[{"embeddable":true,"href":"https:\/\/blogs.correiobraziliense.com.br\/servidor\/wp-json\/wp\/v2\/comments?post=13078"}],"version-history":[{"count":1,"href":"https:\/\/blogs.correiobraziliense.com.br\/servidor\/wp-json\/wp\/v2\/posts\/13078\/revisions"}],"predecessor-version":[{"id":13079,"href":"https:\/\/blogs.correiobraziliense.com.br\/servidor\/wp-json\/wp\/v2\/posts\/13078\/revisions\/13079"}],"wp:attachment":[{"href":"https:\/\/blogs.correiobraziliense.com.br\/servidor\/wp-json\/wp\/v2\/media?parent=13078"}],"wp:term":[{"taxonomy":"category","embeddable":true,"href":"https:\/\/blogs.correiobraziliense.com.br\/servidor\/wp-json\/wp\/v2\/categories?post=13078"},{"taxonomy":"post_tag","embeddable":true,"href":"https:\/\/blogs.correiobraziliense.com.br\/servidor\/wp-json\/wp\/v2\/tags?post=13078"}],"curies":[{"name":"wp","href":"https:\/\/api.w.org\/{rel}","templated":true}]}}