{"id":13058,"date":"2019-07-03T17:10:28","date_gmt":"2019-07-03T20:10:28","guid":{"rendered":"https:\/\/blogs.correiobraziliense.com.br\/servidor\/?p=13058"},"modified":"2019-07-03T17:10:28","modified_gmt":"2019-07-03T20:10:28","slug":"presidente-do-ibge-vai-explicar-cortes-no-censo-2020-em-audiencia-publica","status":"publish","type":"post","link":"https:\/\/blogs.correiobraziliense.com.br\/servidor\/presidente-do-ibge-vai-explicar-cortes-no-censo-2020-em-audiencia-publica\/","title":{"rendered":"Presidente do IBGE vai explicar cortes no Censo 2020 em audi\u00eancia p\u00fablica"},"content":{"rendered":"<p>Susana Guerra confirmou presen\u00e7a na audi\u00eancia p\u00fablica, nesta quinta-feira, 4 de julho, na Comiss\u00e3o do Idoso (Anexo II \/ Plen\u00e1rio 16), a partir das 10h.<\/p>\n<p>Como n\u00e3o atendeu a dois convites anteriores, a presidente do IBGE foi convidada novamente pela Comiss\u00e3o para debater \u201cEventuais restri\u00e7\u00f5es ao Censo 2020 e seus impactos nas pol\u00edticas p\u00fablicas da pessoa idosa\u201d. Ser\u00e1 tamb\u00e9m a oportunidade para que parlamentares busquem explica\u00e7\u00f5es para a redu\u00e7\u00e3o do question\u00e1rio do Censo 2020, al\u00e9m dos cortes no or\u00e7amento da opera\u00e7\u00e3o censit\u00e1ria.<\/p>\n<p><span style=\"float: none;background-color: transparent;color: #333333;cursor: text;font-family: -apple-system,BlinkMacSystemFont,'Segoe UI',Roboto,Oxygen-Sans,Ubuntu,Cantarell,'Helvetica Neue',sans-serif;font-size: 16px;font-style: normal;font-variant: normal;font-weight: 400;letter-spacing: normal;text-align: left;text-decoration: none;text-indent: 0px\">De acordo com informa\u00e7\u00f5es da Associa\u00e7\u00e3o Nacional dos Funcion\u00e1rios do IBGE (AssIBGE), tamb\u00e9m estar\u00e3o presentes Eduardo Rios e Davi Wu Tae, pela dire\u00e7\u00e3o do IBGE, al\u00e9m de Dione de Oliveira (AssIBGE \u2013 Sindicato Nacional) e Fernando Gaiger (pesquisador do Ipea). O Sindicato preparou um roteiro para o debate a ser distribu\u00eddo na audi\u00eancia, com informa\u00e7\u00f5es sobre impactos nas pol\u00edticas urbana, habitacional, educacional, do emprego, do desenvolvimento\u00a0 e nas transfer\u00eancias aos estados e munic\u00edpios.<\/span><\/p>\n","protected":false},"excerpt":{"rendered":"<p>Susana Guerra confirmou presen\u00e7a na audi\u00eancia p\u00fablica, nesta quinta-feira, 4 de julho, na Comiss\u00e3o do Idoso (Anexo II \/ Plen\u00e1rio 16), a partir das 10h. Como n\u00e3o atendeu a dois convites anteriores, a presidente do IBGE foi convidada novamente pela Comiss\u00e3o para debater \u201cEventuais restri\u00e7\u00f5es ao Censo 2020 e seus impactos nas pol\u00edticas p\u00fablicas da pessoa idosa\u201d. Ser\u00e1 tamb\u00e9m a [&hellip;]<\/p>\n","protected":false},"author":27,"featured_media":0,"comment_status":"open","ping_status":"closed","sticky":false,"template":"","format":"standard","meta":{"footnotes":""},"categories":[2719],"tags":[4006,192,1220,1531,15015,15594,2042,15592,15593],"class_list":["post-13058","post","type-post","status-publish","format-standard","hentry","category-servidor","tag-assibge","tag-audiencia","tag-audiencia-publica","tag-camara-dos-deputados","tag-censo-2020","tag-comissao-do-idoso","tag-ibge","tag-presidenre","tag-susana-guerra"],"_links":{"self":[{"href":"https:\/\/blogs.correiobraziliense.com.br\/servidor\/wp-json\/wp\/v2\/posts\/13058","targetHints":{"allow":["GET"]}}],"collection":[{"href":"https:\/\/blogs.correiobraziliense.com.br\/servidor\/wp-json\/wp\/v2\/posts"}],"about":[{"href":"https:\/\/blogs.correiobraziliense.com.br\/servidor\/wp-json\/wp\/v2\/types\/post"}],"author":[{"embeddable":true,"href":"https:\/\/blogs.correiobraziliense.com.br\/servidor\/wp-json\/wp\/v2\/users\/27"}],"replies":[{"embeddable":true,"href":"https:\/\/blogs.correiobraziliense.com.br\/servidor\/wp-json\/wp\/v2\/comments?post=13058"}],"version-history":[{"count":1,"href":"https:\/\/blogs.correiobraziliense.com.br\/servidor\/wp-json\/wp\/v2\/posts\/13058\/revisions"}],"predecessor-version":[{"id":13059,"href":"https:\/\/blogs.correiobraziliense.com.br\/servidor\/wp-json\/wp\/v2\/posts\/13058\/revisions\/13059"}],"wp:attachment":[{"href":"https:\/\/blogs.correiobraziliense.com.br\/servidor\/wp-json\/wp\/v2\/media?parent=13058"}],"wp:term":[{"taxonomy":"category","embeddable":true,"href":"https:\/\/blogs.correiobraziliense.com.br\/servidor\/wp-json\/wp\/v2\/categories?post=13058"},{"taxonomy":"post_tag","embeddable":true,"href":"https:\/\/blogs.correiobraziliense.com.br\/servidor\/wp-json\/wp\/v2\/tags?post=13058"}],"curies":[{"name":"wp","href":"https:\/\/api.w.org\/{rel}","templated":true}]}}