{"id":13050,"date":"2019-07-02T20:33:43","date_gmt":"2019-07-02T23:33:43","guid":{"rendered":"https:\/\/blogs.correiobraziliense.com.br\/servidor\/?p=13050"},"modified":"2019-07-02T20:33:43","modified_gmt":"2019-07-02T23:33:43","slug":"corregedor-arquiva-reclamacao-contra-juiza-em-processo-da-operacao-lava-jato","status":"publish","type":"post","link":"https:\/\/blogs.correiobraziliense.com.br\/servidor\/corregedor-arquiva-reclamacao-contra-juiza-em-processo-da-operacao-lava-jato\/","title":{"rendered":"Corregedor arquiva reclama\u00e7\u00e3o contra ju\u00edza em processo da Opera\u00e7\u00e3o Lava Jato"},"content":{"rendered":"<p><em>O arquivamento se deu em raz\u00e3o de o processo j\u00e1 estar sendo analisado pelo Supremo Tribunal Federal (STF)\u00a0<\/em><\/p>\n<p>O corregedor nacional de Justi\u00e7a, ministro Humberto Martins, arquivou reclama\u00e7\u00e3o disciplinar da deputada federal Gleisi Hoffman (PT) e outros contra Grabriela Hardt, ju\u00edza federal da 13\u00aa Vara Federal Criminal de Curitiba (PR), sob a alega\u00e7\u00e3o de que a magistrada atuou fora de sua compet\u00eancia ao homologar acordo firmado entre o Minist\u00e9rio P\u00fablico Federal e a Petrobr\u00e1s, em processo decorrente da Opera\u00e7\u00e3o Lava Jato<\/p>\n<p>Em sua decis\u00e3o, Humberto Martins destacou que a an\u00e1lise dos fatos e pedidos se trata de quest\u00e3o jurisdicional, mat\u00e9ria n\u00e3o afeta a compet\u00eancia do Conselho Nacional de Justi\u00e7a (CNJ), nos termos do artigo 103-B, par\u00e1grafo 4\u00ba da Constitui\u00e7\u00e3o Federal.<\/p>\n<p>Al\u00e9m disso, o ministro afirmou que a quest\u00e3o relativa \u00e0 homologa\u00e7\u00e3o do mencionado acordo foi objeto de questionamentos judiciais, inclusive com a interposi\u00e7\u00e3o de Argui\u00e7\u00e3o de Descumprimento de Preceito Fundamental (ADPF) perante o pr\u00f3prio Supremo Tribunal Federal (STF), medidas estas mais adequadas \u00e0 an\u00e1lise de eventual incompet\u00eancia de magistrados e\/ou inconstitucionalidade de decis\u00f5es judiciais.<\/p>\n<p>\u201cDessa forma, os fundamentos jur\u00eddicos trazidos aos autos pelos reclamantes encontram-se judicializados e pendentes de aprecia\u00e7\u00e3o pelos tribunais competentes, n\u00e3o havendo que se cogitar a interfer\u00eancia do CNJ na esfera jurisdicional, tampouco a puni\u00e7\u00e3o de membros do Poder Judici\u00e1rio por manifesta\u00e7\u00f5es e conclus\u00f5es havidas no exerc\u00edcio de seu mister prec\u00edpuo (artigo 41 da Loman)\u201d, salientou o corregedor nacional.<\/p>\n<p>Ainda na decis\u00e3o, o ministro Humberto Martins ressaltou que a Corregedoria Regional Federal da 4\u00aa Regi\u00e3o informou o arquivamento do procedimento instaurado no \u00e2mbito daquela Corregedoria, tendo em vista tamb\u00e9m o car\u00e1ter jurisdicional da mat\u00e9ria.<\/p>\n","protected":false},"excerpt":{"rendered":"<p>O arquivamento se deu em raz\u00e3o de o processo j\u00e1 estar sendo analisado pelo Supremo Tribunal Federal (STF)\u00a0 O corregedor nacional de Justi\u00e7a, ministro Humberto Martins, arquivou reclama\u00e7\u00e3o disciplinar da deputada federal Gleisi Hoffman (PT) e outros contra Grabriela Hardt, ju\u00edza federal da 13\u00aa Vara Federal Criminal de Curitiba (PR), sob a alega\u00e7\u00e3o de que a magistrada atuou fora de [&hellip;]<\/p>\n","protected":false},"author":27,"featured_media":0,"comment_status":"open","ping_status":"closed","sticky":false,"template":"","format":"standard","meta":{"footnotes":""},"categories":[2719],"tags":[348,2735,254,2852,2584,3764,15584,1573,6936,1838,1407,201,1157,3752,34],"class_list":["post-13050","post","type-post","status-publish","format-standard","hentry","category-servidor","tag-adpf","tag-arquivamento","tag-cnj","tag-competencia","tag-constituicao","tag-corregedor","tag-gleisi-hoffman","tag-juiza","tag-magistrada","tag-ministerio-publico-federal","tag-operacao-lava-jato","tag-petrobras","tag-processo","tag-pt","tag-stf"],"_links":{"self":[{"href":"https:\/\/blogs.correiobraziliense.com.br\/servidor\/wp-json\/wp\/v2\/posts\/13050","targetHints":{"allow":["GET"]}}],"collection":[{"href":"https:\/\/blogs.correiobraziliense.com.br\/servidor\/wp-json\/wp\/v2\/posts"}],"about":[{"href":"https:\/\/blogs.correiobraziliense.com.br\/servidor\/wp-json\/wp\/v2\/types\/post"}],"author":[{"embeddable":true,"href":"https:\/\/blogs.correiobraziliense.com.br\/servidor\/wp-json\/wp\/v2\/users\/27"}],"replies":[{"embeddable":true,"href":"https:\/\/blogs.correiobraziliense.com.br\/servidor\/wp-json\/wp\/v2\/comments?post=13050"}],"version-history":[{"count":1,"href":"https:\/\/blogs.correiobraziliense.com.br\/servidor\/wp-json\/wp\/v2\/posts\/13050\/revisions"}],"predecessor-version":[{"id":13051,"href":"https:\/\/blogs.correiobraziliense.com.br\/servidor\/wp-json\/wp\/v2\/posts\/13050\/revisions\/13051"}],"wp:attachment":[{"href":"https:\/\/blogs.correiobraziliense.com.br\/servidor\/wp-json\/wp\/v2\/media?parent=13050"}],"wp:term":[{"taxonomy":"category","embeddable":true,"href":"https:\/\/blogs.correiobraziliense.com.br\/servidor\/wp-json\/wp\/v2\/categories?post=13050"},{"taxonomy":"post_tag","embeddable":true,"href":"https:\/\/blogs.correiobraziliense.com.br\/servidor\/wp-json\/wp\/v2\/tags?post=13050"}],"curies":[{"name":"wp","href":"https:\/\/api.w.org\/{rel}","templated":true}]}}