{"id":1304,"date":"2016-03-16T19:35:31","date_gmt":"2016-03-16T22:35:31","guid":{"rendered":"https:\/\/blogs.correiobraziliense.com.br\/servidor\/?p=1304"},"modified":"2016-03-16T19:35:31","modified_gmt":"2016-03-16T22:35:31","slug":"funcionarios-da-norte-energia-sao-liberados-por-indigenas","status":"publish","type":"post","link":"https:\/\/blogs.correiobraziliense.com.br\/servidor\/funcionarios-da-norte-energia-sao-liberados-por-indigenas\/","title":{"rendered":"FUNCION\u00c1RIOS DA NORTE ENERGIA S\u00c3O LIBERADOS POR IND\u00cdGENAS"},"content":{"rendered":"<p>A Norte Energia informa que as quatro pessoas retidas na aldeia Curuatx\u00e9, na Terra Ind\u00edgena Curuaia, no Par\u00e1, foram liberadas na tarde desta quarta-feira (16\/03). Os tr\u00eas funcion\u00e1rios da empresa e um piloto de embarca\u00e7\u00e3o est\u00e3o em boas condi\u00e7\u00f5es f\u00edsicas e n\u00e3o sofreram maus tratos desde a deten\u00e7\u00e3o pelos ind\u00edgenas, ocorrida no dia 10\/03.<\/p>\n<p>As negocia\u00e7\u00f5es foram realizadas em conjunto com a Casa de Governo em Altamira, Funda\u00e7\u00e3o Nacional do \u00cdndio (Funai) e Norte Energia. A empresa iniciou o transporte de maquin\u00e1rio e equipamentos para constru\u00e7\u00e3o de um novo po\u00e7o na aldeia, que est\u00e1 entre as atendidas pelas a\u00e7\u00f5es do Projeto B\u00e1sico Ambiental \u2013 Componente Ind\u00edgena (PBA-CI) da Usina Hidrel\u00e9trica Belo Monte.<\/p>\n<p>Al\u00e9m do sistema de abastecimento de \u00e1gua, a Norte Energia construiu na aldeia Curuatx\u00e9 pista de pouso, casas de moradia e casa de farinha e vem executando projetos de fomento da produ\u00e7\u00e3o agr\u00edcola, fortalecimento institucional e preserva\u00e7\u00e3o da cultura e modos de vida tradicional, dentre outros.<\/p>\n<p>A Norte Energia refor\u00e7a que continuar\u00e1 desenvolvendo as a\u00e7\u00f5es previstas no PBA-CI, como as escolas e Unidades B\u00e1sicas de Sa\u00fade Ind\u00edgena, que est\u00e3o em andamento em 34 aldeias da regi\u00e3o do M\u00e9dio Xingu.<\/p>\n","protected":false},"excerpt":{"rendered":"<p>A Norte Energia informa que as quatro pessoas retidas na aldeia Curuatx\u00e9, na Terra Ind\u00edgena Curuaia, no Par\u00e1, foram liberadas na tarde desta quarta-feira (16\/03). Os tr\u00eas funcion\u00e1rios da empresa e um piloto de embarca\u00e7\u00e3o est\u00e3o em boas condi\u00e7\u00f5es f\u00edsicas e n\u00e3o sofreram maus tratos desde a deten\u00e7\u00e3o pelos ind\u00edgenas, ocorrida no dia 10\/03. As negocia\u00e7\u00f5es foram realizadas em conjunto [&hellip;]<\/p>\n","protected":false},"author":27,"featured_media":0,"comment_status":"open","ping_status":"closed","sticky":false,"template":"","format":"standard","meta":{"footnotes":""},"categories":[1],"tags":[1382,1383,1384,1341,1381,1380,1349],"class_list":["post-1304","post","type-post","status-publish","format-standard","hentry","category-sem-categoria","tag-boas","tag-condicoes","tag-fisicas","tag-funcionarios","tag-indigenas","tag-liberados","tag-norte-energia"],"_links":{"self":[{"href":"https:\/\/blogs.correiobraziliense.com.br\/servidor\/wp-json\/wp\/v2\/posts\/1304","targetHints":{"allow":["GET"]}}],"collection":[{"href":"https:\/\/blogs.correiobraziliense.com.br\/servidor\/wp-json\/wp\/v2\/posts"}],"about":[{"href":"https:\/\/blogs.correiobraziliense.com.br\/servidor\/wp-json\/wp\/v2\/types\/post"}],"author":[{"embeddable":true,"href":"https:\/\/blogs.correiobraziliense.com.br\/servidor\/wp-json\/wp\/v2\/users\/27"}],"replies":[{"embeddable":true,"href":"https:\/\/blogs.correiobraziliense.com.br\/servidor\/wp-json\/wp\/v2\/comments?post=1304"}],"version-history":[{"count":1,"href":"https:\/\/blogs.correiobraziliense.com.br\/servidor\/wp-json\/wp\/v2\/posts\/1304\/revisions"}],"predecessor-version":[{"id":1305,"href":"https:\/\/blogs.correiobraziliense.com.br\/servidor\/wp-json\/wp\/v2\/posts\/1304\/revisions\/1305"}],"wp:attachment":[{"href":"https:\/\/blogs.correiobraziliense.com.br\/servidor\/wp-json\/wp\/v2\/media?parent=1304"}],"wp:term":[{"taxonomy":"category","embeddable":true,"href":"https:\/\/blogs.correiobraziliense.com.br\/servidor\/wp-json\/wp\/v2\/categories?post=1304"},{"taxonomy":"post_tag","embeddable":true,"href":"https:\/\/blogs.correiobraziliense.com.br\/servidor\/wp-json\/wp\/v2\/tags?post=1304"}],"curies":[{"name":"wp","href":"https:\/\/api.w.org\/{rel}","templated":true}]}}