{"id":13031,"date":"2019-07-01T17:31:52","date_gmt":"2019-07-01T20:31:52","guid":{"rendered":"https:\/\/blogs.correiobraziliense.com.br\/servidor\/?p=13031"},"modified":"2019-07-01T17:31:52","modified_gmt":"2019-07-01T20:31:52","slug":"as-vesperas-de-nova-eleicao-presidente-da-cobap-e-acusado-de-envolvimento-em-escandalo-de-sonegacao","status":"publish","type":"post","link":"https:\/\/blogs.correiobraziliense.com.br\/servidor\/as-vesperas-de-nova-eleicao-presidente-da-cobap-e-acusado-de-envolvimento-em-escandalo-de-sonegacao\/","title":{"rendered":"\u00c0s v\u00e9speras de nova elei\u00e7\u00e3o, presidente da Cobap \u00e9 acusado de envolvimento em esc\u00e2ndalo de sonega\u00e7\u00e3o"},"content":{"rendered":"<p><em>De acordo com as den\u00fancias, Warley Martins Gon\u00e7alles, presidente da Confedera\u00e7\u00e3o Brasileira de Aposentados e Pensionistas (Cobap), e todos os seus diretores recebem todo m\u00eas altas quantias de forma il\u00edcita. O trabalho que deveria ser volunt\u00e1rio tornou-se assalariado. Em pouco mais de 10 anos, dizem as fontes, por meio de sonega\u00e7\u00e3o, j\u00e1 foram desviados mais de R$ 7,5 milh\u00f5es que deveriam ser recolhidos \u00e0 Receita Federal<\/em><\/p>\n<p>O Estatuto da Cobap, no cap\u00edtulo 17, no artigo n\u00ba 71, pro\u00edbe terminantemente a remunera\u00e7\u00e3o dos diretores e conselheiros da Confedera\u00e7\u00e3o. &#8220;Mesmo assim, atrav\u00e9s de balancetes complicados eles camuflam os pagamentos, chamados por todos de Mensal\u00e3o e Mensalinho&#8221;, diz o informante que n\u00e3o quis se identificar.<\/p>\n<p>Segundo os dados levantados pela fonte, o presidente Warley ganha cerca de R$ 6 mil por m\u00eas, al\u00e9m de passagens a\u00e9reas pagas, viagens caras de toda ordem, ressarcimento de combust\u00edvel e alimenta\u00e7\u00e3o de gra\u00e7a em bons restaurantes.\u00a0Valores e vantagens semelhantes t\u00eam o vice-presidente Carlos Oleg\u00e1rio, tesoureiro Gildo Arquiminio e o secret\u00e1rio-geral Luiz Legnani. De janeiro a dezembro, os demais diretores titulares recebem mais de R$ 3.5 mil. V\u00e1rios diretores suplentes tamb\u00e9m recebem o mensal\u00e3o.<\/p>\n<p>A fonte destaca, ainda, que at\u00e9 os membros do Conselho Fiscal vivem com o Mensal\u00e3o. Ao inv\u00e9s de fiscalizar as contas da entidade, tamb\u00e9m acabam sendo corrompidos. &#8220;A situa\u00e7\u00e3o se agrava ainda mais pois os dirigentes sonegam o Imposto de Renda e n\u00e3o declaram um centavo dos sal\u00e1rios que recebem. Essa pr\u00e1tica criminosa se repete na Cobap h\u00e1 mais de 10 anos, desde a \u00e9poca que Warley assumiu o comando da entidade&#8221;, diz.<\/p>\n<p>&#8220;Calcula-se que, durante 128 meses da administra\u00e7\u00e3o de Warley, ele e seus companheiros dirigentes sonegaram cerca de 7, milh\u00f5es \u00e0 Receita Federal de 2008 a 2019, valor que quando cobrado pode ser acrescido com multa de at\u00e9 200%&#8221;, alerta a fonte.<\/p>\n<p><strong>O outro lado<\/strong><\/p>\n<p>Procurado, Warley Gon\u00e7alles, que est\u00e1 em seu terceiro mandato, negou todas as den\u00fancias. Na an\u00e1lise do presidente da Cobap, &#8220;as falsas acusa\u00e7\u00f5es sempre aparecem em \u00e9poca de elei\u00e7\u00e3o. porque a oposi\u00e7\u00e3o tenta desmoralizar a gente&#8221;. &#8220;N\u00e3o tem maracutaia. A Cobap n\u00e3o paga sal\u00e1rio. Tem apenas verba de representa\u00e7\u00e3o, quando a gente viaja. Al\u00e9m disso, todas as contas s\u00e3o verificadas pelos Conselho Fiscal, Conselho Deliberativo e pela Assembleia Geral&#8221;, destacou. A.s elei\u00e7\u00f5es na Cobap acontecem de 24 a 25 de outubro. &#8220;N\u00e3o adianta tacar pedra. As contas est\u00e3o \u00e0 disposi\u00e7\u00e3o de quem quiser ver. N\u00e3o ganhamos sal\u00e1rios e nem sonegamos Imposto de Renda&#8221;, garantiu.<\/p>\n<p>&nbsp;<\/p>\n","protected":false},"excerpt":{"rendered":"<p>De acordo com as den\u00fancias, Warley Martins Gon\u00e7alles, presidente da Confedera\u00e7\u00e3o Brasileira de Aposentados e Pensionistas (Cobap), e todos os seus diretores recebem todo m\u00eas altas quantias de forma il\u00edcita. O trabalho que deveria ser volunt\u00e1rio tornou-se assalariado. Em pouco mais de 10 anos, dizem as fontes, por meio de sonega\u00e7\u00e3o, j\u00e1 foram desviados mais de R$ 7,5 milh\u00f5es que [&hellip;]<\/p>\n","protected":false},"author":27,"featured_media":0,"comment_status":"open","ping_status":"closed","sticky":false,"template":"","format":"standard","meta":{"footnotes":""},"categories":[2719],"tags":[15573,15574,12343,15575,457,888,2050,106,940,355,151,643,1750],"class_list":["post-13031","post","type-post","status-publish","format-standard","hentry","category-servidor","tag-balacetes","tag-camuflam","tag-cobap","tag-corrompidos","tag-denuncias","tag-desvio","tag-dirigentes","tag-eleicao","tag-fiscalizacao","tag-imposto-de-renda","tag-pagamento","tag-salario","tag-sonegacao"],"_links":{"self":[{"href":"https:\/\/blogs.correiobraziliense.com.br\/servidor\/wp-json\/wp\/v2\/posts\/13031","targetHints":{"allow":["GET"]}}],"collection":[{"href":"https:\/\/blogs.correiobraziliense.com.br\/servidor\/wp-json\/wp\/v2\/posts"}],"about":[{"href":"https:\/\/blogs.correiobraziliense.com.br\/servidor\/wp-json\/wp\/v2\/types\/post"}],"author":[{"embeddable":true,"href":"https:\/\/blogs.correiobraziliense.com.br\/servidor\/wp-json\/wp\/v2\/users\/27"}],"replies":[{"embeddable":true,"href":"https:\/\/blogs.correiobraziliense.com.br\/servidor\/wp-json\/wp\/v2\/comments?post=13031"}],"version-history":[{"count":1,"href":"https:\/\/blogs.correiobraziliense.com.br\/servidor\/wp-json\/wp\/v2\/posts\/13031\/revisions"}],"predecessor-version":[{"id":13032,"href":"https:\/\/blogs.correiobraziliense.com.br\/servidor\/wp-json\/wp\/v2\/posts\/13031\/revisions\/13032"}],"wp:attachment":[{"href":"https:\/\/blogs.correiobraziliense.com.br\/servidor\/wp-json\/wp\/v2\/media?parent=13031"}],"wp:term":[{"taxonomy":"category","embeddable":true,"href":"https:\/\/blogs.correiobraziliense.com.br\/servidor\/wp-json\/wp\/v2\/categories?post=13031"},{"taxonomy":"post_tag","embeddable":true,"href":"https:\/\/blogs.correiobraziliense.com.br\/servidor\/wp-json\/wp\/v2\/tags?post=13031"}],"curies":[{"name":"wp","href":"https:\/\/api.w.org\/{rel}","templated":true}]}}