{"id":13023,"date":"2019-07-01T16:38:25","date_gmt":"2019-07-01T19:38:25","guid":{"rendered":"https:\/\/blogs.correiobraziliense.com.br\/servidor\/?p=13023"},"modified":"2019-07-01T16:38:25","modified_gmt":"2019-07-01T19:38:25","slug":"observatorio-do-conhecimento-entregara-o-trofeu-cortando-o-futuro-2019-ao-ministro-da-educacao","status":"publish","type":"post","link":"https:\/\/blogs.correiobraziliense.com.br\/servidor\/observatorio-do-conhecimento-entregara-o-trofeu-cortando-o-futuro-2019-ao-ministro-da-educacao\/","title":{"rendered":"Observat\u00f3rio do Conhecimento entregar\u00e1 o trof\u00e9u \u201cCortando o Futuro 2019\u201d ao ministro da Educa\u00e7\u00e3o"},"content":{"rendered":"<p><em>Comitiva de professores far\u00e1 atividade simb\u00f3lica em Bras\u00edlia, \u00e0s 11h15, em frente ao MEC. O trof\u00e9u tem forma de tesoura dourada simbolizando os cortes de 30% no or\u00e7amento de custeio das universidades e institutos federais de educa\u00e7\u00e3o<\/em><\/p>\n<p>O Observat\u00f3rio do Conhecimento, rede independente e suprapartid\u00e1ria formada por 14 Associa\u00e7\u00f5es de Docentes de Universidades Federais de v\u00e1rias regi\u00f5es do pa\u00eds, decidiu premiar o ministro da Educa\u00e7\u00e3o a partir da avalia\u00e7\u00e3o t\u00e9cnica dos seis primeiros meses de governo Bolsonaro em rela\u00e7\u00e3o \u00e0 educa\u00e7\u00e3o p\u00fablica brasileira.<\/p>\n<p>Uma comitiva de professores universit\u00e1rios representando o Observat\u00f3rio do Conhecimento entregar\u00e1 o trof\u00e9u \u201cCortando o Futuro 2019\u201d no MEC. Confeccionado especialmente para premiar o ministro Weintraub, o trof\u00e9u em forma de tesoura dourada simboliza a triste ironia do Brasil ter um ministro da educa\u00e7\u00e3o que trabalha contra sua pr\u00f3pria pasta: cortes de 30% no or\u00e7amento de custeio das universidades e institutos federais, redu\u00e7\u00e3o das bolsas de pesquisa e outras medidas que violam os princ\u00edpios da autonomia universit\u00e1ria.<\/p>\n<p>Data: Ter\u00e7a-feira, 02 de julho, 11h15, em Bras\u00edlia (11h30 \u2013 in\u00edcio da a\u00e7\u00e3o).<\/p>\n<p>Local de encontro: Ponto de \u00f4nibus em frente ao MEC \u2013 Esplanada dos Minist\u00e9rios<\/p>\n","protected":false},"excerpt":{"rendered":"<p>Comitiva de professores far\u00e1 atividade simb\u00f3lica em Bras\u00edlia, \u00e0s 11h15, em frente ao MEC. O trof\u00e9u tem forma de tesoura dourada simbolizando os cortes de 30% no or\u00e7amento de custeio das universidades e institutos federais de educa\u00e7\u00e3o O Observat\u00f3rio do Conhecimento, rede independente e suprapartid\u00e1ria formada por 14 Associa\u00e7\u00f5es de Docentes de Universidades Federais de v\u00e1rias regi\u00f5es do pa\u00eds, decidiu [&hellip;]<\/p>\n","protected":false},"author":27,"featured_media":0,"comment_status":"open","ping_status":"closed","sticky":false,"template":"","format":"standard","meta":{"footnotes":""},"categories":[2719],"tags":[15571,258,236,3250,15487,15569,318,15570,4727,6012],"class_list":["post-13023","post","type-post","status-publish","format-standard","hentry","category-servidor","tag-cortando-o-futuro-2019","tag-corte","tag-custeio","tag-ironia","tag-ministro-da-educacao","tag-observatorio-do-conhecimento","tag-orcamento","tag-tesoura","tag-trofeu","tag-universidades"],"_links":{"self":[{"href":"https:\/\/blogs.correiobraziliense.com.br\/servidor\/wp-json\/wp\/v2\/posts\/13023","targetHints":{"allow":["GET"]}}],"collection":[{"href":"https:\/\/blogs.correiobraziliense.com.br\/servidor\/wp-json\/wp\/v2\/posts"}],"about":[{"href":"https:\/\/blogs.correiobraziliense.com.br\/servidor\/wp-json\/wp\/v2\/types\/post"}],"author":[{"embeddable":true,"href":"https:\/\/blogs.correiobraziliense.com.br\/servidor\/wp-json\/wp\/v2\/users\/27"}],"replies":[{"embeddable":true,"href":"https:\/\/blogs.correiobraziliense.com.br\/servidor\/wp-json\/wp\/v2\/comments?post=13023"}],"version-history":[{"count":1,"href":"https:\/\/blogs.correiobraziliense.com.br\/servidor\/wp-json\/wp\/v2\/posts\/13023\/revisions"}],"predecessor-version":[{"id":13024,"href":"https:\/\/blogs.correiobraziliense.com.br\/servidor\/wp-json\/wp\/v2\/posts\/13023\/revisions\/13024"}],"wp:attachment":[{"href":"https:\/\/blogs.correiobraziliense.com.br\/servidor\/wp-json\/wp\/v2\/media?parent=13023"}],"wp:term":[{"taxonomy":"category","embeddable":true,"href":"https:\/\/blogs.correiobraziliense.com.br\/servidor\/wp-json\/wp\/v2\/categories?post=13023"},{"taxonomy":"post_tag","embeddable":true,"href":"https:\/\/blogs.correiobraziliense.com.br\/servidor\/wp-json\/wp\/v2\/tags?post=13023"}],"curies":[{"name":"wp","href":"https:\/\/api.w.org\/{rel}","templated":true}]}}