{"id":13014,"date":"2019-06-28T20:58:54","date_gmt":"2019-06-28T23:58:54","guid":{"rendered":"https:\/\/blogs.correiobraziliense.com.br\/servidor\/?p=13014"},"modified":"2019-06-28T20:58:54","modified_gmt":"2019-06-28T23:58:54","slug":"pesquisa-mostra-o-que-brasileiros-pensam-sobre-moro-lula-e-reforma-da-previdencia","status":"publish","type":"post","link":"https:\/\/blogs.correiobraziliense.com.br\/servidor\/pesquisa-mostra-o-que-brasileiros-pensam-sobre-moro-lula-e-reforma-da-previdencia\/","title":{"rendered":"Pesquisa mostra o que brasileiros pensam sobre Moro, Lula e reforma da previd\u00eancia"},"content":{"rendered":"<p><em>Flexibiliza\u00e7\u00e3o de armas \u00e9 rejeitada na maioria do pa\u00eds e defendida nas regi\u00f5es Norte e Centro-Oeste. Pesquisa do Real Time tamb\u00e9m aponta que maioria da popula\u00e7\u00e3o defende atua\u00e7\u00e3o do juiz S\u00e9rgio Moro, reforma da Previd\u00eancia e pris\u00e3o do ex-presidente Lula<\/em><\/p>\n<p>Uma pesquisa do Instituto Real Time Big Data nesta semana mostrou que, embora 56% dos brasileiros sejam contra a flexibiliza\u00e7\u00e3o do porte e posse de armas, nas regi\u00f5es Norte e Centro-Oeste \u00e9 diferente: 53% concordam com a medida. Com rela\u00e7\u00e3o \u00e0 pris\u00e3o do ex-presidente Lula, nacionalmente, a sondagem mostra que 58% dos brasileiros s\u00e3o favor\u00e1veis a ela. J\u00e1 nas regi\u00f5es Norte e Centro-Oeste este \u00edndice sobe para 65%.<\/p>\n<p>De forma geral, a pesquisa mostra que os brasileiros concordam com a reforma da previd\u00eancia (48%), incluindo seus pontos mais pol\u00eamicos, e que a maioria (57%) a v\u00ea como a \u00fanica forma de o Pa\u00eds melhorar economicamente. Os resultados tamb\u00e9m se repetem no recorte das regi\u00f5es Norte e Centro-Oeste.<\/p>\n<p>Com rela\u00e7\u00e3o \u00e0 atua\u00e7\u00e3o do juiz do Moro (no que se refere \u00e0s \u00faltimas not\u00edcias divulgadas), 44% dos brasileiros concordam com as atitudes dele, 37% s\u00e3o contra e 19% n\u00e3o souberam responder ou n\u00e3o responderam. Quando perguntados se um juiz poderia ter rela\u00e7\u00f5es pr\u00f3ximas e dar instru\u00e7\u00f5es para a parte acusadora ou para a defesa, 55% dos entrevistados disseram discordar desta conduta. Os resultados foram semelhantes nas regi\u00f5es Norte e Centro-Oeste.<\/p>\n<p>A pesquisa foi realizada nos dias 24 e 25 de junho, com 1.000 (mil) entrevistados de todas as regi\u00f5es do Brasil. O \u00edndice de confiabilidade \u00e9 de 95%, com margem de erro de 4%.<\/p>\n","protected":false},"excerpt":{"rendered":"<p>Flexibiliza\u00e7\u00e3o de armas \u00e9 rejeitada na maioria do pa\u00eds e defendida nas regi\u00f5es Norte e Centro-Oeste. Pesquisa do Real Time tamb\u00e9m aponta que maioria da popula\u00e7\u00e3o defende atua\u00e7\u00e3o do juiz S\u00e9rgio Moro, reforma da Previd\u00eancia e pris\u00e3o do ex-presidente Lula Uma pesquisa do Instituto Real Time Big Data nesta semana mostrou que, embora 56% dos brasileiros sejam contra a flexibiliza\u00e7\u00e3o [&hellip;]<\/p>\n","protected":false},"author":27,"featured_media":0,"comment_status":"open","ping_status":"closed","sticky":false,"template":"","format":"standard","meta":{"footnotes":""},"categories":[2719],"tags":[4799,2527,1361,15568,187,545,1038,9727,6546],"class_list":["post-13014","post","type-post","status-publish","format-standard","hentry","category-servidor","tag-armas","tag-entrevistados","tag-lula","tag-moro","tag-pesquisa","tag-populacao","tag-prisao","tag-reforma-da-previdencia","tag-regioes"],"_links":{"self":[{"href":"https:\/\/blogs.correiobraziliense.com.br\/servidor\/wp-json\/wp\/v2\/posts\/13014","targetHints":{"allow":["GET"]}}],"collection":[{"href":"https:\/\/blogs.correiobraziliense.com.br\/servidor\/wp-json\/wp\/v2\/posts"}],"about":[{"href":"https:\/\/blogs.correiobraziliense.com.br\/servidor\/wp-json\/wp\/v2\/types\/post"}],"author":[{"embeddable":true,"href":"https:\/\/blogs.correiobraziliense.com.br\/servidor\/wp-json\/wp\/v2\/users\/27"}],"replies":[{"embeddable":true,"href":"https:\/\/blogs.correiobraziliense.com.br\/servidor\/wp-json\/wp\/v2\/comments?post=13014"}],"version-history":[{"count":1,"href":"https:\/\/blogs.correiobraziliense.com.br\/servidor\/wp-json\/wp\/v2\/posts\/13014\/revisions"}],"predecessor-version":[{"id":13015,"href":"https:\/\/blogs.correiobraziliense.com.br\/servidor\/wp-json\/wp\/v2\/posts\/13014\/revisions\/13015"}],"wp:attachment":[{"href":"https:\/\/blogs.correiobraziliense.com.br\/servidor\/wp-json\/wp\/v2\/media?parent=13014"}],"wp:term":[{"taxonomy":"category","embeddable":true,"href":"https:\/\/blogs.correiobraziliense.com.br\/servidor\/wp-json\/wp\/v2\/categories?post=13014"},{"taxonomy":"post_tag","embeddable":true,"href":"https:\/\/blogs.correiobraziliense.com.br\/servidor\/wp-json\/wp\/v2\/tags?post=13014"}],"curies":[{"name":"wp","href":"https:\/\/api.w.org\/{rel}","templated":true}]}}