{"id":12999,"date":"2019-06-27T16:48:45","date_gmt":"2019-06-27T19:48:45","guid":{"rendered":"https:\/\/blogs.correiobraziliense.com.br\/servidor\/?p=12999"},"modified":"2019-06-27T16:48:45","modified_gmt":"2019-06-27T19:48:45","slug":"a-necessidade-de-inclusao-dos-estados-e-municipios-na-reforma-da-previdencia","status":"publish","type":"post","link":"https:\/\/blogs.correiobraziliense.com.br\/servidor\/a-necessidade-de-inclusao-dos-estados-e-municipios-na-reforma-da-previdencia\/","title":{"rendered":"A necessidade de inclus\u00e3o dos Estados e Munic\u00edpios na reforma da Previd\u00eancia"},"content":{"rendered":"<p><em>&#8220;<span style=\"text-align: left;color: #333333;text-indent: 0px;letter-spacing: normal;font-family: -apple-system,BlinkMacSystemFont,'Segoe UI',Roboto,Oxygen-Sans,Ubuntu,Cantarell,'Helvetica Neue',sans-serif;font-size: 16px;font-variant: normal;font-weight: 400;text-decoration: none;cursor: text;float: none;background-color: transparent\">Imaginar que toda a sistem\u00e1tica possa ser objeto de altera\u00e7\u00e3o, impondo aos entes federativos uma odisseia para regula\u00e7\u00e3o dos sistemas previdenci\u00e1rios, \u00e9 flertar com o caos.&#8221;<\/span><\/em><\/p>\n<p><strong><em>Jo\u00e3o Carlos Figueiredo*<\/em><\/strong><\/p>\n<p>O relator da reforma da Previd\u00eancia na C\u00e2mara dos Deputados, deputado Samuel Moreira, apresentou recentemente o seu parecer que, entre outras mudan\u00e7as no texto original da Proposta de Emenda \u00e0 Constitui\u00e7\u00e3o (PEC) 06\/2019, retirou os Estados e Munic\u00edpios das altera\u00e7\u00f5es propostas pelo governo para reformar o sistema de aposentadoria do pa\u00eds.<\/p>\n<p>\u00c9 ineg\u00e1vel que, no que tange a previd\u00eancia do servidor p\u00fablico, especificamente, a situa\u00e7\u00e3o da imensa maioria dos entes previdenci\u00e1rios, Estaduais e Municipais, necessita da reforma da previd\u00eancia.<\/p>\n<p>As opini\u00f5es sobre a profundidade e o conte\u00fado t\u00eam sido objeto de amplo debate no Congresso. Contudo, \u00e9 imprescind\u00edvel que o texto que venha a ser aprovado futuramente atinja a todos os entes, quer sejam os Estados, quer sejam os Munic\u00edpios.<\/p>\n<p>O Brasil demorou d\u00e9cadas para construir o atual Regime Pr\u00f3prio de Previd\u00eancia Social (RPPS). Reformas Constitucionais, Leis, Regulamenta\u00e7\u00e3o Infralegal, Portarias e Instru\u00e7\u00f5es Normativas foram editadas pelos \u00f3rg\u00e3os fiscalizadores, sempre baseadas em um sistema \u00fanico, isom\u00e9trico, que permita a exist\u00eancia de sistemas de gest\u00e3o e de controle parametrizados, onde foram investidos milh\u00f5es de reais na sua aquisi\u00e7\u00e3o.<\/p>\n<p>Imaginar que toda a sistem\u00e1tica possa ser objeto de altera\u00e7\u00e3o, impondo aos entes federativos uma odisseia para regula\u00e7\u00e3o dos sistemas previdenci\u00e1rios, \u00e9 flertar com o caos.<\/p>\n<p>Aos servidores e gestores previdenci\u00e1rios esta imposi\u00e7\u00e3o \u00e9 descabida. O fr\u00e1gil argumento para implanta\u00e7\u00e3o de uma inoportuna liberdade legislativa trar\u00e1 danos irrepar\u00e1veis ao sistema da previd\u00eancia p\u00fablica, sem contar as in\u00fameras a\u00e7\u00f5es judiciais que desencadear\u00e3o, ante a grande possibilidade de termos tratamento diferenciado para os mesmos benef\u00edcios.<\/p>\n<p>Assim, \u00e9 importante que a reforma da Previd\u00eancia atinja de forma equ\u00e2nime a todos os n\u00edveis federativos, sem exce\u00e7\u00e3o, a exemplo das demais reformas previdenci\u00e1rias j\u00e1 aprovadas no pa\u00eds anteriormente, sob pena de criar problemas imensur\u00e1veis aos entes, e consequentemente a todo o Pa\u00eds, sejam eles administrativos, jur\u00eddicos, e de gest\u00e3o, permitindo-se a eles, apenas, nuances autorizadas pelas realidades atuariais singulares.<\/p>\n<p>Uma flexibiliza\u00e7\u00e3o na legisla\u00e7\u00e3o pode, apenas, ser permitida aqueles que do ponto de vista atuarial, possuam condi\u00e7\u00f5es para tanto e \u00e9 preciso que isso seja compreendido pelos parlamentares brasileiros.<\/p>\n<p><em>* Jo\u00e3o Carlos Figueiredo<\/em> &#8211; advogado e presidente da\u00a0 Associa\u00e7\u00e3o Brasileira de Institui\u00e7\u00f5es de Previd\u00eancia Estaduais e Municipais (Abipem)<\/p>\n<p>&#8212;<\/p>\n","protected":false},"excerpt":{"rendered":"<p>&#8220;Imaginar que toda a sistem\u00e1tica possa ser objeto de altera\u00e7\u00e3o, impondo aos entes federativos uma odisseia para regula\u00e7\u00e3o dos sistemas previdenci\u00e1rios, \u00e9 flertar com o caos.&#8221; Jo\u00e3o Carlos Figueiredo* O relator da reforma da Previd\u00eancia na C\u00e2mara dos Deputados, deputado Samuel Moreira, apresentou recentemente o seu parecer que, entre outras mudan\u00e7as no texto original da Proposta de Emenda \u00e0 Constitui\u00e7\u00e3o [&hellip;]<\/p>\n","protected":false},"author":27,"featured_media":0,"comment_status":"open","ping_status":"closed","sticky":false,"template":"","format":"standard","meta":{"footnotes":""},"categories":[2719],"tags":[2055,1531,943,98,944,1069,14771,849,922,9727,3169,8,1322],"class_list":["post-12999","post","type-post","status-publish","format-standard","hentry","category-servidor","tag-aposentadorias","tag-camara-dos-deputados","tag-estados","tag-governo","tag-municipios","tag-parecer","tag-pec-06-2019","tag-pensoes","tag-propostas","tag-reforma-da-previdencia","tag-relator","tag-servidor","tag-texto"],"_links":{"self":[{"href":"https:\/\/blogs.correiobraziliense.com.br\/servidor\/wp-json\/wp\/v2\/posts\/12999","targetHints":{"allow":["GET"]}}],"collection":[{"href":"https:\/\/blogs.correiobraziliense.com.br\/servidor\/wp-json\/wp\/v2\/posts"}],"about":[{"href":"https:\/\/blogs.correiobraziliense.com.br\/servidor\/wp-json\/wp\/v2\/types\/post"}],"author":[{"embeddable":true,"href":"https:\/\/blogs.correiobraziliense.com.br\/servidor\/wp-json\/wp\/v2\/users\/27"}],"replies":[{"embeddable":true,"href":"https:\/\/blogs.correiobraziliense.com.br\/servidor\/wp-json\/wp\/v2\/comments?post=12999"}],"version-history":[{"count":1,"href":"https:\/\/blogs.correiobraziliense.com.br\/servidor\/wp-json\/wp\/v2\/posts\/12999\/revisions"}],"predecessor-version":[{"id":13000,"href":"https:\/\/blogs.correiobraziliense.com.br\/servidor\/wp-json\/wp\/v2\/posts\/12999\/revisions\/13000"}],"wp:attachment":[{"href":"https:\/\/blogs.correiobraziliense.com.br\/servidor\/wp-json\/wp\/v2\/media?parent=12999"}],"wp:term":[{"taxonomy":"category","embeddable":true,"href":"https:\/\/blogs.correiobraziliense.com.br\/servidor\/wp-json\/wp\/v2\/categories?post=12999"},{"taxonomy":"post_tag","embeddable":true,"href":"https:\/\/blogs.correiobraziliense.com.br\/servidor\/wp-json\/wp\/v2\/tags?post=12999"}],"curies":[{"name":"wp","href":"https:\/\/api.w.org\/{rel}","templated":true}]}}