{"id":12984,"date":"2019-06-26T19:47:10","date_gmt":"2019-06-26T22:47:10","guid":{"rendered":"https:\/\/blogs.correiobraziliense.com.br\/servidor\/?p=12984"},"modified":"2019-06-26T19:47:10","modified_gmt":"2019-06-26T22:47:10","slug":"mpf-pede-anulacao-de-matricula-de-estudante-da-ufrj-por-fraude-em-cota-racial","status":"publish","type":"post","link":"https:\/\/blogs.correiobraziliense.com.br\/servidor\/mpf-pede-anulacao-de-matricula-de-estudante-da-ufrj-por-fraude-em-cota-racial\/","title":{"rendered":"MPF pede anula\u00e7\u00e3o de matr\u00edcula de estudante da UFRJ por fraude em cota racial"},"content":{"rendered":"<p><em>Segundo o MPF\/RJ, aluna branca ingressou em dois cursos de gradua\u00e7\u00e3o em vagas reservadas a candidatos negros<\/em><\/p>\n<p>O Minist\u00e9rio P\u00fablico Federal (MPF), por meio de nota, informou que ajuizou a\u00e7\u00e3o civil p\u00fablica, com pedido de liminar, para que a Universidade Federal do Rio de Janeiro (UFRJ) suspenda a matr\u00edcula de uma estudante que se utilizou, de maneira fraudulenta, da autodeclara\u00e7\u00e3o para ingresso nos cursos de Sa\u00fade Coletiva e Nutri\u00e7\u00e3o.<\/p>\n<p>O MPF apurou que essa autodeclara\u00e7\u00e3o se baseou em argumentos sem consist\u00eancia. \u201cEm todo o pa\u00eds, v\u00eam sendo noticiados diversos casos de falsidade na autodeclara\u00e7\u00e3o, o que vem dando causa \u00e0 propositura de a\u00e7\u00f5es visando a nulidade do respectivo ingresso, por motivo de fraude\u201d, explicam os procuradores regionais dos Direitos do Cidad\u00e3o, Renato Machado, Ana Padilha e S\u00e9rgio Suiama, autores da a\u00e7\u00e3o.<\/p>\n<p>No caso da a\u00e7\u00e3o, foi descoberto que a aluna ingressou inicialmente, no ano passado, no curso de Sa\u00fade Coletiva da UFRJ. Intimada a se manifestar sobre a fraude apontada, alegou que havia se desligado do curso, sem no entanto informar que se matriculara no curso de Nutri\u00e7\u00e3o, no campus de Maca\u00e9, igualmente se utilizando da vaga reservada a pessoas negras.<\/p>\n<p>Para o MPF, a interpreta\u00e7\u00e3o da Lei das Cotas deve ser no sentido de promover a redu\u00e7\u00e3o das desigualdades raciais e a implementa\u00e7\u00e3o da igualdade material. \u201cIndependentemente da ideia que se tenha acerca do valor da mesti\u00e7agem no quadro da \u201cdemocracia racial\u201d brasileira, a miscigena\u00e7\u00e3o da popula\u00e7\u00e3o brasileira n\u00e3o deve servir para sabotar as pol\u00edticas p\u00fablicas voltadas \u00e0 redu\u00e7\u00e3o das evidentes e sociologicamente comprovadas desigualdades entre brancos e negros no Brasil\u201d, afirmam os procuradores.<\/p>\n<p>\u201cAinda que possa haver falhas nos m\u00e9todos de identifica\u00e7\u00e3o racial e na avalia\u00e7\u00e3o do crit\u00e9rio da cor da pele, esses desacertos n\u00e3o podem ser utilizados como argumento definitivo para impedir que as minorias sejam inclu\u00eddas e que as a\u00e7\u00f5es afirmativas sejam implementadas no Brasil\u201d, completam.<\/p>\n<p>Refer\u00eancia: ACP 5040395-13.2019.4.02.5101<\/p>\n","protected":false},"excerpt":{"rendered":"<p>Segundo o MPF\/RJ, aluna branca ingressou em dois cursos de gradua\u00e7\u00e3o em vagas reservadas a candidatos negros O Minist\u00e9rio P\u00fablico Federal (MPF), por meio de nota, informou que ajuizou a\u00e7\u00e3o civil p\u00fablica, com pedido de liminar, para que a Universidade Federal do Rio de Janeiro (UFRJ) suspenda a matr\u00edcula de uma estudante que se utilizou, de maneira fraudulenta, da autodeclara\u00e7\u00e3o [&hellip;]<\/p>\n","protected":false},"author":27,"featured_media":0,"comment_status":"open","ping_status":"closed","sticky":false,"template":"","format":"standard","meta":{"footnotes":""},"categories":[2719],"tags":[15544,3112,7860,14678,11845,4262,1842,180,15545,617,10350,15546,15547,97,8800,1235,12093,3734],"class_list":["post-12984","post","type-post","status-publish","format-standard","hentry","category-servidor","tag-aluna","tag-autodeclaracao","tag-branca","tag-cota-racial","tag-desigualdades","tag-estudante","tag-falsidade","tag-fraude","tag-lei-das-cotas","tag-liminar","tag-matricula","tag-mesticagem","tag-miscigenacao","tag-negros","tag-nulidade","tag-procuradores","tag-raciais","tag-ufrj"],"_links":{"self":[{"href":"https:\/\/blogs.correiobraziliense.com.br\/servidor\/wp-json\/wp\/v2\/posts\/12984","targetHints":{"allow":["GET"]}}],"collection":[{"href":"https:\/\/blogs.correiobraziliense.com.br\/servidor\/wp-json\/wp\/v2\/posts"}],"about":[{"href":"https:\/\/blogs.correiobraziliense.com.br\/servidor\/wp-json\/wp\/v2\/types\/post"}],"author":[{"embeddable":true,"href":"https:\/\/blogs.correiobraziliense.com.br\/servidor\/wp-json\/wp\/v2\/users\/27"}],"replies":[{"embeddable":true,"href":"https:\/\/blogs.correiobraziliense.com.br\/servidor\/wp-json\/wp\/v2\/comments?post=12984"}],"version-history":[{"count":1,"href":"https:\/\/blogs.correiobraziliense.com.br\/servidor\/wp-json\/wp\/v2\/posts\/12984\/revisions"}],"predecessor-version":[{"id":12985,"href":"https:\/\/blogs.correiobraziliense.com.br\/servidor\/wp-json\/wp\/v2\/posts\/12984\/revisions\/12985"}],"wp:attachment":[{"href":"https:\/\/blogs.correiobraziliense.com.br\/servidor\/wp-json\/wp\/v2\/media?parent=12984"}],"wp:term":[{"taxonomy":"category","embeddable":true,"href":"https:\/\/blogs.correiobraziliense.com.br\/servidor\/wp-json\/wp\/v2\/categories?post=12984"},{"taxonomy":"post_tag","embeddable":true,"href":"https:\/\/blogs.correiobraziliense.com.br\/servidor\/wp-json\/wp\/v2\/tags?post=12984"}],"curies":[{"name":"wp","href":"https:\/\/api.w.org\/{rel}","templated":true}]}}