{"id":12979,"date":"2019-06-26T14:32:32","date_gmt":"2019-06-26T17:32:32","guid":{"rendered":"https:\/\/blogs.correiobraziliense.com.br\/servidor\/?p=12979"},"modified":"2019-06-26T14:32:32","modified_gmt":"2019-06-26T17:32:32","slug":"centrais-e-deputado-paulinho-da-forca-se-reunem-nesta-quarta-26-com-relator-da-reforma-da-previdencia-e-liderancas-de-partidos","status":"publish","type":"post","link":"https:\/\/blogs.correiobraziliense.com.br\/servidor\/centrais-e-deputado-paulinho-da-forca-se-reunem-nesta-quarta-26-com-relator-da-reforma-da-previdencia-e-liderancas-de-partidos\/","title":{"rendered":"Centrais e deputado Paulinho da For\u00e7a se re\u00fanem, nesta quarta (26), com relator da reforma da Previd\u00eancia e lideran\u00e7as de partidos"},"content":{"rendered":"<p><em>Representantes das centrais sindicais, acompanhados do deputado federal, Paulinho da For\u00e7a, ter\u00e3o duas reuni\u00f5es, nesta quarta-feira (26), em Bras\u00edlia, para discutir a reforma da Previd\u00eancia.<\/em><\/p>\n<p>O primeiro encontro ser\u00e1 com relator da reforma, deputado Samuel Moreira, \u00e0s 14h30, na sala da Presid\u00eancia da CCJ &#8211; Comiss\u00e3o de Constitui\u00e7\u00e3o e Justi\u00e7a.<\/p>\n<p>No in\u00edcio da noite, \u00e0s 18 horas, os representantes dos trabalhadores ter\u00e3o uma reuni\u00e3o com os l\u00edderes do PP, PL, DEM, PTB e Solidariedade, na sala da lideran\u00e7a do PP.<\/p>\n<p>Miguel Torres, presidente da For\u00e7a Sindical, estar\u00e1 presente representando a Central.<\/p>\n<p>AGENDA:<\/p>\n<p>Reuni\u00e3o com deputado Samuel Moreira<br \/>\nData: 26 de junho<br \/>\nHor\u00e1rio: 14h30<br \/>\nLocal: sala da Presid\u00eancia da CCJ<\/p>\n<p>Reuni\u00e3o com lideres partid\u00e1rios do PP, PL, DEM, PTB e Solidariedade<br \/>\nData: 26 de junho<br \/>\nHor\u00e1rio: 18h<br \/>\nLocal: sala da lideran\u00e7a do PP<\/p>\n<p>&nbsp;<\/p>\n","protected":false},"excerpt":{"rendered":"<p>Representantes das centrais sindicais, acompanhados do deputado federal, Paulinho da For\u00e7a, ter\u00e3o duas reuni\u00f5es, nesta quarta-feira (26), em Bras\u00edlia, para discutir a reforma da Previd\u00eancia. O primeiro encontro ser\u00e1 com relator da reforma, deputado Samuel Moreira, \u00e0s 14h30, na sala da Presid\u00eancia da CCJ &#8211; Comiss\u00e3o de Constitui\u00e7\u00e3o e Justi\u00e7a. No in\u00edcio da noite, \u00e0s 18 horas, os representantes dos [&hellip;]<\/p>\n","protected":false},"author":27,"featured_media":0,"comment_status":"open","ping_status":"closed","sticky":false,"template":"","format":"standard","meta":{"footnotes":""},"categories":[2719],"tags":[1101,1256,1961,3335,9727,3169,293],"class_list":["post-12979","post","type-post","status-publish","format-standard","hentry","category-servidor","tag-centrais-sindicais","tag-liderancas","tag-lideres","tag-partidos","tag-reforma-da-previdencia","tag-relator","tag-reuniao"],"_links":{"self":[{"href":"https:\/\/blogs.correiobraziliense.com.br\/servidor\/wp-json\/wp\/v2\/posts\/12979","targetHints":{"allow":["GET"]}}],"collection":[{"href":"https:\/\/blogs.correiobraziliense.com.br\/servidor\/wp-json\/wp\/v2\/posts"}],"about":[{"href":"https:\/\/blogs.correiobraziliense.com.br\/servidor\/wp-json\/wp\/v2\/types\/post"}],"author":[{"embeddable":true,"href":"https:\/\/blogs.correiobraziliense.com.br\/servidor\/wp-json\/wp\/v2\/users\/27"}],"replies":[{"embeddable":true,"href":"https:\/\/blogs.correiobraziliense.com.br\/servidor\/wp-json\/wp\/v2\/comments?post=12979"}],"version-history":[{"count":1,"href":"https:\/\/blogs.correiobraziliense.com.br\/servidor\/wp-json\/wp\/v2\/posts\/12979\/revisions"}],"predecessor-version":[{"id":12980,"href":"https:\/\/blogs.correiobraziliense.com.br\/servidor\/wp-json\/wp\/v2\/posts\/12979\/revisions\/12980"}],"wp:attachment":[{"href":"https:\/\/blogs.correiobraziliense.com.br\/servidor\/wp-json\/wp\/v2\/media?parent=12979"}],"wp:term":[{"taxonomy":"category","embeddable":true,"href":"https:\/\/blogs.correiobraziliense.com.br\/servidor\/wp-json\/wp\/v2\/categories?post=12979"},{"taxonomy":"post_tag","embeddable":true,"href":"https:\/\/blogs.correiobraziliense.com.br\/servidor\/wp-json\/wp\/v2\/tags?post=12979"}],"curies":[{"name":"wp","href":"https:\/\/api.w.org\/{rel}","templated":true}]}}