{"id":12977,"date":"2019-06-26T14:23:47","date_gmt":"2019-06-26T17:23:47","guid":{"rendered":"https:\/\/blogs.correiobraziliense.com.br\/servidor\/?p=12977"},"modified":"2019-06-26T19:33:55","modified_gmt":"2019-06-26T22:33:55","slug":"comissao-da-camara-derruba-decreto-que-dificulta-pagamento-de-contribuicoes-sindicais","status":"publish","type":"post","link":"https:\/\/blogs.correiobraziliense.com.br\/servidor\/comissao-da-camara-derruba-decreto-que-dificulta-pagamento-de-contribuicoes-sindicais\/","title":{"rendered":"Comiss\u00e3o da C\u00e2mara derruba decreto que dificulta pagamento de contribui\u00e7\u00f5es sindicais"},"content":{"rendered":"<p><em>A Comiss\u00e3o de Trabalho aprovou nesta quarta-feira (26\/06) o Projeto de Decreto Legislativo 75\/2019, de autoria do deputado federal Carlos Veras (PT\/PE), que derruba decreto presidencial (9.735\/2019) que impossibilita o desconto de contribui\u00e7\u00f5es a sindicatos e associa\u00e7\u00f5es na folha de pagamento, mesmo com a autoriza\u00e7\u00e3o do servidor.<\/em><\/p>\n<p>Editado \u00e0s v\u00e9speras do carnaval, o decreto criou indigna\u00e7\u00e3o nas entidades sindicais. Muitas delas entraram com a\u00e7\u00e3o na Justi\u00e7a e conseguiram liminar suspendendo os efeitos da determina\u00e7\u00e3o presidencial. Mas outras, que n\u00e3o tiveram vit\u00f3ria no Judici\u00e1rio, foram obrigadas a enviar boleto para a resid\u00eancia dos associados.<\/p>\n<p>De acordo com o parlamentar, \u201ca medida governamental \u00e9 uma verdadeira afronta \u00e0 liberdade garantida pela Constitui\u00e7\u00e3o da livre associa\u00e7\u00e3o sindical.\u201d, diz Carlos Veras.<\/p>\n<p>Muitas entidades t\u00eam recorrido \u00e0 justi\u00e7a para garantir as consigna\u00e7\u00f5es dos filiados.<\/p>\n<p>Carlos Veras articula para que a mat\u00e9ria siga, em regime de urg\u00eancia, diretamente para o plen\u00e1rio da Casa, em raz\u00e3o da imin\u00eancia da queda da MP 873.<\/p>\n","protected":false},"excerpt":{"rendered":"<p>A Comiss\u00e3o de Trabalho aprovou nesta quarta-feira (26\/06) o Projeto de Decreto Legislativo 75\/2019, de autoria do deputado federal Carlos Veras (PT\/PE), que derruba decreto presidencial (9.735\/2019) que impossibilita o desconto de contribui\u00e7\u00f5es a sindicatos e associa\u00e7\u00f5es na folha de pagamento, mesmo com a autoriza\u00e7\u00e3o do servidor. Editado \u00e0s v\u00e9speras do carnaval, o decreto criou indigna\u00e7\u00e3o nas entidades sindicais. Muitas [&hellip;]<\/p>\n","protected":false},"author":27,"featured_media":0,"comment_status":"open","ping_status":"closed","sticky":false,"template":"","format":"standard","meta":{"footnotes":""},"categories":[2719],"tags":[3902,3188,14834,14598,2488,15538,3690,4236,15539,8,1260,3801],"class_list":["post-12977","post","type-post","status-publish","format-standard","hentry","category-servidor","tag-associacoes","tag-autorizacao","tag-boleto","tag-consignacoes","tag-contribuicoes","tag-decreto-9-735-2019","tag-desconto","tag-folha-de-pagamento","tag-mp-873","tag-servidor","tag-sindicais","tag-sindicatos"],"_links":{"self":[{"href":"https:\/\/blogs.correiobraziliense.com.br\/servidor\/wp-json\/wp\/v2\/posts\/12977","targetHints":{"allow":["GET"]}}],"collection":[{"href":"https:\/\/blogs.correiobraziliense.com.br\/servidor\/wp-json\/wp\/v2\/posts"}],"about":[{"href":"https:\/\/blogs.correiobraziliense.com.br\/servidor\/wp-json\/wp\/v2\/types\/post"}],"author":[{"embeddable":true,"href":"https:\/\/blogs.correiobraziliense.com.br\/servidor\/wp-json\/wp\/v2\/users\/27"}],"replies":[{"embeddable":true,"href":"https:\/\/blogs.correiobraziliense.com.br\/servidor\/wp-json\/wp\/v2\/comments?post=12977"}],"version-history":[{"count":2,"href":"https:\/\/blogs.correiobraziliense.com.br\/servidor\/wp-json\/wp\/v2\/posts\/12977\/revisions"}],"predecessor-version":[{"id":12983,"href":"https:\/\/blogs.correiobraziliense.com.br\/servidor\/wp-json\/wp\/v2\/posts\/12977\/revisions\/12983"}],"wp:attachment":[{"href":"https:\/\/blogs.correiobraziliense.com.br\/servidor\/wp-json\/wp\/v2\/media?parent=12977"}],"wp:term":[{"taxonomy":"category","embeddable":true,"href":"https:\/\/blogs.correiobraziliense.com.br\/servidor\/wp-json\/wp\/v2\/categories?post=12977"},{"taxonomy":"post_tag","embeddable":true,"href":"https:\/\/blogs.correiobraziliense.com.br\/servidor\/wp-json\/wp\/v2\/tags?post=12977"}],"curies":[{"name":"wp","href":"https:\/\/api.w.org\/{rel}","templated":true}]}}