{"id":12975,"date":"2019-06-26T14:03:08","date_gmt":"2019-06-26T17:03:08","guid":{"rendered":"https:\/\/blogs.correiobraziliense.com.br\/servidor\/?p=12975"},"modified":"2019-06-26T14:03:08","modified_gmt":"2019-06-26T17:03:08","slug":"forca-sindical-desaprova-nota-das-outras-centrais","status":"publish","type":"post","link":"https:\/\/blogs.correiobraziliense.com.br\/servidor\/forca-sindical-desaprova-nota-das-outras-centrais\/","title":{"rendered":"For\u00e7a Sindical desaprova nota das outras centrais"},"content":{"rendered":"<p>Por meio de nota, o secret\u00e1rio-geral, Luiz Carlos Gon\u00e7alves, o Juruna, informou que &#8220;A For\u00e7a Sindical n\u00e3o aprovou a nota divulgada hoje, dia 25\/6, pelas centrais sindicais em Bras\u00edlia, sobre a reforma da previd\u00eancia.&#8221;<\/p>\n","protected":false},"excerpt":{"rendered":"<p>Por meio de nota, o secret\u00e1rio-geral, Luiz Carlos Gon\u00e7alves, o Juruna, informou que &#8220;A For\u00e7a Sindical n\u00e3o aprovou a nota divulgada hoje, dia 25\/6, pelas centrais sindicais em Bras\u00edlia, sobre a reforma da previd\u00eancia.&#8221;<\/p>\n","protected":false},"author":27,"featured_media":0,"comment_status":"open","ping_status":"closed","sticky":false,"template":"","format":"standard","meta":{"footnotes":""},"categories":[2719],"tags":[1101,870,9727],"class_list":["post-12975","post","type-post","status-publish","format-standard","hentry","category-servidor","tag-centrais-sindicais","tag-forca-sindical","tag-reforma-da-previdencia"],"_links":{"self":[{"href":"https:\/\/blogs.correiobraziliense.com.br\/servidor\/wp-json\/wp\/v2\/posts\/12975","targetHints":{"allow":["GET"]}}],"collection":[{"href":"https:\/\/blogs.correiobraziliense.com.br\/servidor\/wp-json\/wp\/v2\/posts"}],"about":[{"href":"https:\/\/blogs.correiobraziliense.com.br\/servidor\/wp-json\/wp\/v2\/types\/post"}],"author":[{"embeddable":true,"href":"https:\/\/blogs.correiobraziliense.com.br\/servidor\/wp-json\/wp\/v2\/users\/27"}],"replies":[{"embeddable":true,"href":"https:\/\/blogs.correiobraziliense.com.br\/servidor\/wp-json\/wp\/v2\/comments?post=12975"}],"version-history":[{"count":1,"href":"https:\/\/blogs.correiobraziliense.com.br\/servidor\/wp-json\/wp\/v2\/posts\/12975\/revisions"}],"predecessor-version":[{"id":12976,"href":"https:\/\/blogs.correiobraziliense.com.br\/servidor\/wp-json\/wp\/v2\/posts\/12975\/revisions\/12976"}],"wp:attachment":[{"href":"https:\/\/blogs.correiobraziliense.com.br\/servidor\/wp-json\/wp\/v2\/media?parent=12975"}],"wp:term":[{"taxonomy":"category","embeddable":true,"href":"https:\/\/blogs.correiobraziliense.com.br\/servidor\/wp-json\/wp\/v2\/categories?post=12975"},{"taxonomy":"post_tag","embeddable":true,"href":"https:\/\/blogs.correiobraziliense.com.br\/servidor\/wp-json\/wp\/v2\/tags?post=12975"}],"curies":[{"name":"wp","href":"https:\/\/api.w.org\/{rel}","templated":true}]}}