{"id":12960,"date":"2019-06-25T17:18:22","date_gmt":"2019-06-25T20:18:22","guid":{"rendered":"https:\/\/blogs.correiobraziliense.com.br\/servidor\/?p=12960"},"modified":"2019-06-25T17:18:22","modified_gmt":"2019-06-25T20:18:22","slug":"licenca-premio-gdf-se-compromete-a-nao-retirar-pagamento-dos-servidores","status":"publish","type":"post","link":"https:\/\/blogs.correiobraziliense.com.br\/servidor\/licenca-premio-gdf-se-compromete-a-nao-retirar-pagamento-dos-servidores\/","title":{"rendered":"Licen\u00e7a-pr\u00eamio: GDF se compromete a n\u00e3o retirar pagamento dos servidores"},"content":{"rendered":"<p><em>L\u00edderes sindicais, o secret\u00e1rio de Fazenda do DF, Andr\u00e9 Clemente, o secret\u00e1rio de Articula\u00e7\u00e3o Parlamentar, Bispo Renato, e o deputado distrital e l\u00edder do governo, Claudio Abrantes se reuniram nesta ter\u00e7a-feira (25) para discutir sobre o projeto que tentava acabar com a licen\u00e7a-pr\u00eamio para os servidores p\u00fablicos do DF<\/em><\/p>\n<p>O saldo da reuni\u00e3o foi o compromisso do GDF em n\u00e3o retirar a licen\u00e7a dos servidores, informou o Sindicato dos Servidores da Assist\u00eancia Social e Cultura do GDF. O projeto vai ser revisto e deve afetar quem ainda n\u00e3o come\u00e7ou a receber o benef\u00edcio. Na conversa, um dos pontos colocados em discuss\u00e3o foi o de aplicar outra solu\u00e7\u00e3o para preservar o direito dos servidores, ainda que ele passe a ter outro nome.<\/p>\n<p>Segundo o presidente do Sindicato, Clayton Avelar, o benef\u00edcio deve continuar a ser pago. &#8220;A altera\u00e7\u00e3o que deve acontecer \u00e9 quanto \u00e0 convers\u00e3o da licen\u00e7a-pr\u00eamio em pec\u00fania. Quem j\u00e1 tem o direito continua dentro da regra. A partir da aprova\u00e7\u00e3o do decreto ser\u00e1 preservado o direito de convers\u00e3o em pec\u00fania para quem j\u00e1 completou o quinqu\u00eanio. Quem tem quinqu\u00eanio para completar ter\u00e1 o direito de complet\u00e1-lo e tamb\u00e9m de o converter em pec\u00fania&#8221;, explica. O l\u00edder sindical acredita que a medida n\u00e3o \u00e9 a ideal, mas faz parte da negocia\u00e7\u00e3o para que a licen\u00e7a-retirada n\u00e3o seja extinta.<\/p>\n<p>Na reuni\u00e3o, o GDF se comprometeu a fazer um substitutivo ao projeto de lei enviado \u00e0 C\u00e2mara e que o mesmo n\u00e3o ser\u00e1 submetido ao plen\u00e1rio da Casa sem antes ser discutido pelos sindicatos de servidores p\u00fablicos.<\/p>\n<p>No \u00faltimo dia 18, um projeto, entregue \u00e0 CLDF, previa a extin\u00e7\u00e3o da licen\u00e7a-pr\u00eamio. O direito prev\u00ea que o servidor p\u00fablico do DF pode se afastar por tr\u00eas meses, de forma remunerada, a cada cinco anos trabalhados.<\/p>\n","protected":false},"excerpt":{"rendered":"<p>L\u00edderes sindicais, o secret\u00e1rio de Fazenda do DF, Andr\u00e9 Clemente, o secret\u00e1rio de Articula\u00e7\u00e3o Parlamentar, Bispo Renato, e o deputado distrital e l\u00edder do governo, Claudio Abrantes se reuniram nesta ter\u00e7a-feira (25) para discutir sobre o projeto que tentava acabar com a licen\u00e7a-pr\u00eamio para os servidores p\u00fablicos do DF O saldo da reuni\u00e3o foi o compromisso do GDF em n\u00e3o [&hellip;]<\/p>\n","protected":false},"author":27,"featured_media":0,"comment_status":"open","ping_status":"closed","sticky":false,"template":"","format":"standard","meta":{"footnotes":""},"categories":[2719],"tags":[386,9736,7982,7979,5612,15527,58,440],"class_list":["post-12960","post","type-post","status-publish","format-standard","hentry","category-servidor","tag-beneficio","tag-cldf","tag-conversao","tag-licenca-premio","tag-pecunia","tag-quinquenio","tag-servidores","tag-sindicato"],"_links":{"self":[{"href":"https:\/\/blogs.correiobraziliense.com.br\/servidor\/wp-json\/wp\/v2\/posts\/12960","targetHints":{"allow":["GET"]}}],"collection":[{"href":"https:\/\/blogs.correiobraziliense.com.br\/servidor\/wp-json\/wp\/v2\/posts"}],"about":[{"href":"https:\/\/blogs.correiobraziliense.com.br\/servidor\/wp-json\/wp\/v2\/types\/post"}],"author":[{"embeddable":true,"href":"https:\/\/blogs.correiobraziliense.com.br\/servidor\/wp-json\/wp\/v2\/users\/27"}],"replies":[{"embeddable":true,"href":"https:\/\/blogs.correiobraziliense.com.br\/servidor\/wp-json\/wp\/v2\/comments?post=12960"}],"version-history":[{"count":1,"href":"https:\/\/blogs.correiobraziliense.com.br\/servidor\/wp-json\/wp\/v2\/posts\/12960\/revisions"}],"predecessor-version":[{"id":12961,"href":"https:\/\/blogs.correiobraziliense.com.br\/servidor\/wp-json\/wp\/v2\/posts\/12960\/revisions\/12961"}],"wp:attachment":[{"href":"https:\/\/blogs.correiobraziliense.com.br\/servidor\/wp-json\/wp\/v2\/media?parent=12960"}],"wp:term":[{"taxonomy":"category","embeddable":true,"href":"https:\/\/blogs.correiobraziliense.com.br\/servidor\/wp-json\/wp\/v2\/categories?post=12960"},{"taxonomy":"post_tag","embeddable":true,"href":"https:\/\/blogs.correiobraziliense.com.br\/servidor\/wp-json\/wp\/v2\/tags?post=12960"}],"curies":[{"name":"wp","href":"https:\/\/api.w.org\/{rel}","templated":true}]}}