{"id":12954,"date":"2019-06-25T14:16:33","date_gmt":"2019-06-25T17:16:33","guid":{"rendered":"https:\/\/blogs.correiobraziliense.com.br\/servidor\/?p=12954"},"modified":"2019-06-25T14:16:33","modified_gmt":"2019-06-25T17:16:33","slug":"pela-primeira-vez-em-mais-de-tres-anos-reajustes-salariais-perdem-da-inflacao","status":"publish","type":"post","link":"https:\/\/blogs.correiobraziliense.com.br\/servidor\/pela-primeira-vez-em-mais-de-tres-anos-reajustes-salariais-perdem-da-inflacao\/","title":{"rendered":"Pela primeira vez, em mais de tr\u00eas anos, reajustes salariais perdem da infla\u00e7\u00e3o"},"content":{"rendered":"<p><em>Boletim Salari\u00f4metro, da Funda\u00e7\u00e3o Instituto de Pesquisas Econ\u00f4micas (Fipe), aponta que, pela primeira vez em tr\u00ea3 anos e dois meses, reajustes salariais perderam da infla\u00e7\u00e3o, em maio de 2019<\/em><\/p>\n<p>De acordo com a Fipe, a infla\u00e7\u00e3o acumulada de maio foi 5,1% e o aumento mediano foi 5,0%. Apenas 20,4% das negocia\u00e7\u00f5es resultaram em aumentos reais. E a proje\u00e7\u00e3o da infla\u00e7\u00e3o acumulada, medida pelo \u00cdndice Nacional de Pre\u00e7os ao Consumidor (INPC) para junho, de4,8%, n\u00e3o deixa muito espa\u00e7o para novos aumentos reais.<\/p>\n<p>O piso salarial mediano negociado em maio foi a R$1.232 (23% acima do sal\u00e1rio m\u00ednimo). A tend\u00eancia de queda no fechamento de conven\u00e7\u00f5es coletivas come\u00e7ou em 2013, quatro anos antes da reforma trabalhista, informa a Fipe.\u00a0 Por outro lado, a partir de 2012, muitos sindicatos de trabalhadores passaram a explorar as vantagens da negocia\u00e7\u00e3o de acordos coletivos. Desde ent\u00e3o, t\u00eam alternado os dois formatos, em uma estrat\u00e9gia contrac\u00edclica.<\/p>\n","protected":false},"excerpt":{"rendered":"<p>Boletim Salari\u00f4metro, da Funda\u00e7\u00e3o Instituto de Pesquisas Econ\u00f4micas (Fipe), aponta que, pela primeira vez em tr\u00ea3 anos e dois meses, reajustes salariais perderam da infla\u00e7\u00e3o, em maio de 2019 De acordo com a Fipe, a infla\u00e7\u00e3o acumulada de maio foi 5,1% e o aumento mediano foi 5,0%. Apenas 20,4% das negocia\u00e7\u00f5es resultaram em aumentos reais. E a proje\u00e7\u00e3o da infla\u00e7\u00e3o [&hellip;]<\/p>\n","protected":false},"author":27,"featured_media":0,"comment_status":"open","ping_status":"closed","sticky":false,"template":"","format":"standard","meta":{"footnotes":""},"categories":[2719],"tags":[2047,75,2072,4002,240,4000,42,690,239,1470,1805,4001,3801],"class_list":["post-12954","post","type-post","status-publish","format-standard","hentry","category-servidor","tag-acordos","tag-aumento","tag-convencoes","tag-fipe","tag-inflacao","tag-inpc","tag-negociacao","tag-reajustes","tag-real","tag-salariais","tag-salario-minimo","tag-salariometro","tag-sindicatos"],"_links":{"self":[{"href":"https:\/\/blogs.correiobraziliense.com.br\/servidor\/wp-json\/wp\/v2\/posts\/12954","targetHints":{"allow":["GET"]}}],"collection":[{"href":"https:\/\/blogs.correiobraziliense.com.br\/servidor\/wp-json\/wp\/v2\/posts"}],"about":[{"href":"https:\/\/blogs.correiobraziliense.com.br\/servidor\/wp-json\/wp\/v2\/types\/post"}],"author":[{"embeddable":true,"href":"https:\/\/blogs.correiobraziliense.com.br\/servidor\/wp-json\/wp\/v2\/users\/27"}],"replies":[{"embeddable":true,"href":"https:\/\/blogs.correiobraziliense.com.br\/servidor\/wp-json\/wp\/v2\/comments?post=12954"}],"version-history":[{"count":1,"href":"https:\/\/blogs.correiobraziliense.com.br\/servidor\/wp-json\/wp\/v2\/posts\/12954\/revisions"}],"predecessor-version":[{"id":12955,"href":"https:\/\/blogs.correiobraziliense.com.br\/servidor\/wp-json\/wp\/v2\/posts\/12954\/revisions\/12955"}],"wp:attachment":[{"href":"https:\/\/blogs.correiobraziliense.com.br\/servidor\/wp-json\/wp\/v2\/media?parent=12954"}],"wp:term":[{"taxonomy":"category","embeddable":true,"href":"https:\/\/blogs.correiobraziliense.com.br\/servidor\/wp-json\/wp\/v2\/categories?post=12954"},{"taxonomy":"post_tag","embeddable":true,"href":"https:\/\/blogs.correiobraziliense.com.br\/servidor\/wp-json\/wp\/v2\/tags?post=12954"}],"curies":[{"name":"wp","href":"https:\/\/api.w.org\/{rel}","templated":true}]}}