{"id":12937,"date":"2019-06-24T16:21:40","date_gmt":"2019-06-24T19:21:40","guid":{"rendered":"https:\/\/blogs.correiobraziliense.com.br\/servidor\/?p=12937"},"modified":"2019-06-24T16:21:40","modified_gmt":"2019-06-24T19:21:40","slug":"policiais-civis-do-df-fazem-ato-contra-a-reforma-da-previdencia-nesta-terca-25","status":"publish","type":"post","link":"https:\/\/blogs.correiobraziliense.com.br\/servidor\/policiais-civis-do-df-fazem-ato-contra-a-reforma-da-previdencia-nesta-terca-25\/","title":{"rendered":"Policiais civis do DF fazem ato contra a Reforma da Previd\u00eancia nesta ter\u00e7a (25)"},"content":{"rendered":"<p><em>O Sindicato dos Policiais Civis do Distrito Federal (Sinpol-DF) convocou a categoria, policiais em atividade e aposentados, para manifesta\u00e7\u00e3o em defesa da aposentadoria policial na reforma da Previd\u00eancia, amanh\u00e3, \u00e0s 14h<\/em><\/p>\n<p>O ato acontecer\u00e1 nesta ter\u00e7a-feira (25), a partir das 14h, em frente ao complexo da Pol\u00edcia Civil, em Bras\u00edlia. A manifesta\u00e7\u00e3o atende \u00e0 convoca\u00e7\u00e3o nacional da Uni\u00e3o dos Policiais do Brasil (UPB) e que acontecer\u00e1 simultaneamente em todo o pa\u00eds. Os policiais civis do DF s\u00e3o contra a retirada de direitos na reforma previdenci\u00e1ria.<\/p>\n<p>A UPB, por meio de v\u00e1rios deputados federais, apresentou emendas \u00e0 PEC 6\/19 e espera que sejam acatados destaques que contemplem regra de transi\u00e7\u00e3o, integralidade e paridade, idade diferenciada para homens e mulheres, diminui\u00e7\u00e3o da al\u00edquota previdenci\u00e1ria e melhoria no regime de pens\u00f5es.<\/p>\n","protected":false},"excerpt":{"rendered":"<p>O Sindicato dos Policiais Civis do Distrito Federal (Sinpol-DF) convocou a categoria, policiais em atividade e aposentados, para manifesta\u00e7\u00e3o em defesa da aposentadoria policial na reforma da Previd\u00eancia, amanh\u00e3, \u00e0s 14h O ato acontecer\u00e1 nesta ter\u00e7a-feira (25), a partir das 14h, em frente ao complexo da Pol\u00edcia Civil, em Bras\u00edlia. A manifesta\u00e7\u00e3o atende \u00e0 convoca\u00e7\u00e3o nacional da Uni\u00e3o dos Policiais [&hellip;]<\/p>\n","protected":false},"author":27,"featured_media":0,"comment_status":"open","ping_status":"closed","sticky":false,"template":"","format":"standard","meta":{"footnotes":""},"categories":[2719],"tags":[3007,1035,68,110,9727],"class_list":["post-12937","post","type-post","status-publish","format-standard","hentry","category-servidor","tag-aleatoriedade","tag-civis","tag-df","tag-policiais","tag-reforma-da-previdencia"],"_links":{"self":[{"href":"https:\/\/blogs.correiobraziliense.com.br\/servidor\/wp-json\/wp\/v2\/posts\/12937","targetHints":{"allow":["GET"]}}],"collection":[{"href":"https:\/\/blogs.correiobraziliense.com.br\/servidor\/wp-json\/wp\/v2\/posts"}],"about":[{"href":"https:\/\/blogs.correiobraziliense.com.br\/servidor\/wp-json\/wp\/v2\/types\/post"}],"author":[{"embeddable":true,"href":"https:\/\/blogs.correiobraziliense.com.br\/servidor\/wp-json\/wp\/v2\/users\/27"}],"replies":[{"embeddable":true,"href":"https:\/\/blogs.correiobraziliense.com.br\/servidor\/wp-json\/wp\/v2\/comments?post=12937"}],"version-history":[{"count":1,"href":"https:\/\/blogs.correiobraziliense.com.br\/servidor\/wp-json\/wp\/v2\/posts\/12937\/revisions"}],"predecessor-version":[{"id":12938,"href":"https:\/\/blogs.correiobraziliense.com.br\/servidor\/wp-json\/wp\/v2\/posts\/12937\/revisions\/12938"}],"wp:attachment":[{"href":"https:\/\/blogs.correiobraziliense.com.br\/servidor\/wp-json\/wp\/v2\/media?parent=12937"}],"wp:term":[{"taxonomy":"category","embeddable":true,"href":"https:\/\/blogs.correiobraziliense.com.br\/servidor\/wp-json\/wp\/v2\/categories?post=12937"},{"taxonomy":"post_tag","embeddable":true,"href":"https:\/\/blogs.correiobraziliense.com.br\/servidor\/wp-json\/wp\/v2\/tags?post=12937"}],"curies":[{"name":"wp","href":"https:\/\/api.w.org\/{rel}","templated":true}]}}