{"id":12934,"date":"2019-06-24T12:09:38","date_gmt":"2019-06-24T15:09:38","guid":{"rendered":"https:\/\/blogs.correiobraziliense.com.br\/servidor\/?p=12934"},"modified":"2019-06-24T12:09:38","modified_gmt":"2019-06-24T15:09:38","slug":"usp-sao-carlos-abre-concurso-para-professor-em-matematica","status":"publish","type":"post","link":"https:\/\/blogs.correiobraziliense.com.br\/servidor\/usp-sao-carlos-abre-concurso-para-professor-em-matematica\/","title":{"rendered":"USP S\u00e3o Carlos abre concurso para professor em matem\u00e1tica"},"content":{"rendered":"<p><em>Docente selecionado atuar\u00e1 no ICMC com sal\u00e1rio inicial de R$ 10.830,94. As inscri\u00e7\u00f5es s\u00e3o exclusivamente pela internet at\u00e9 as 17 horas do dia 19 de agosto<\/em><\/p>\n<p>O Instituto de Ci\u00eancias Matem\u00e1ticas e de Computa\u00e7\u00e3o (ICMC) da USP, em S\u00e3o Carlos, est\u00e1 com inscri\u00e7\u00f5es abertas para concurso p\u00fablico para professor doutor em matem\u00e1tica, especificamente nas \u00e1reas de an\u00e1lise funcional, geometria, topologia e \u00e1lgebra. O docente selecionado ser\u00e1 contratado pelo departamento de Matem\u00e1tica (SMA) em Regime de Dedica\u00e7\u00e3o Integral \u00e0 Doc\u00eancia e \u00e0 Pesquisa, com sal\u00e1rio inicial de R$ 10.830,94.<\/p>\n<p>As inscri\u00e7\u00f5es devem ser exclusivamente pela internet at\u00e9 as 17 horas do dia 19 de agosto (hor\u00e1rio oficial de Bras\u00edlia\/DF) pelo link https:\/\/uspdigital.usp.br\/gr\/admissao. O concurso ter\u00e1 crit\u00e9rios objetivos, em duas fases, por meio de atribui\u00e7\u00e3o de notas em provas, em portugu\u00eas ou ingl\u00eas, divididas em duas fases: a primeira ser\u00e1 uma prova escrita e a segunda contemplar\u00e1 o julgamento do memorial com prova p\u00fablica de argui\u00e7\u00e3o e uma prova did\u00e1tica.<\/p>\n<p>Para mais detalhes sobre documenta\u00e7\u00f5es, provas e prazos, acesse o edital completo dispon\u00edvel neste link: icmc.usp.br\/e\/27524.<\/p>\n","protected":false},"excerpt":{"rendered":"<p>Docente selecionado atuar\u00e1 no ICMC com sal\u00e1rio inicial de R$ 10.830,94. As inscri\u00e7\u00f5es s\u00e3o exclusivamente pela internet at\u00e9 as 17 horas do dia 19 de agosto O Instituto de Ci\u00eancias Matem\u00e1ticas e de Computa\u00e7\u00e3o (ICMC) da USP, em S\u00e3o Carlos, est\u00e1 com inscri\u00e7\u00f5es abertas para concurso p\u00fablico para professor doutor em matem\u00e1tica, especificamente nas \u00e1reas de an\u00e1lise funcional, geometria, topologia [&hellip;]<\/p>\n","protected":false},"author":27,"featured_media":0,"comment_status":"open","ping_status":"closed","sticky":false,"template":"","format":"standard","meta":{"footnotes":""},"categories":[2719],"tags":[15513,93,1851,15514,809,3944,15511,2978,781,2882,2980,2694,643,3523,15512,2982],"class_list":["post-12934","post","type-post","status-publish","format-standard","hentry","category-servidor","tag-algebra","tag-concurso","tag-concurso-publico","tag-dedicacao-itnegral","tag-docente","tag-doutor","tag-geometria","tag-icmc","tag-inscricoes","tag-internet","tag-matematica","tag-professor","tag-salario","tag-sao-carlos","tag-topologia","tag-usp"],"_links":{"self":[{"href":"https:\/\/blogs.correiobraziliense.com.br\/servidor\/wp-json\/wp\/v2\/posts\/12934","targetHints":{"allow":["GET"]}}],"collection":[{"href":"https:\/\/blogs.correiobraziliense.com.br\/servidor\/wp-json\/wp\/v2\/posts"}],"about":[{"href":"https:\/\/blogs.correiobraziliense.com.br\/servidor\/wp-json\/wp\/v2\/types\/post"}],"author":[{"embeddable":true,"href":"https:\/\/blogs.correiobraziliense.com.br\/servidor\/wp-json\/wp\/v2\/users\/27"}],"replies":[{"embeddable":true,"href":"https:\/\/blogs.correiobraziliense.com.br\/servidor\/wp-json\/wp\/v2\/comments?post=12934"}],"version-history":[{"count":1,"href":"https:\/\/blogs.correiobraziliense.com.br\/servidor\/wp-json\/wp\/v2\/posts\/12934\/revisions"}],"predecessor-version":[{"id":12935,"href":"https:\/\/blogs.correiobraziliense.com.br\/servidor\/wp-json\/wp\/v2\/posts\/12934\/revisions\/12935"}],"wp:attachment":[{"href":"https:\/\/blogs.correiobraziliense.com.br\/servidor\/wp-json\/wp\/v2\/media?parent=12934"}],"wp:term":[{"taxonomy":"category","embeddable":true,"href":"https:\/\/blogs.correiobraziliense.com.br\/servidor\/wp-json\/wp\/v2\/categories?post=12934"},{"taxonomy":"post_tag","embeddable":true,"href":"https:\/\/blogs.correiobraziliense.com.br\/servidor\/wp-json\/wp\/v2\/tags?post=12934"}],"curies":[{"name":"wp","href":"https:\/\/api.w.org\/{rel}","templated":true}]}}