{"id":12926,"date":"2019-06-21T17:34:27","date_gmt":"2019-06-21T20:34:27","guid":{"rendered":"https:\/\/blogs.correiobraziliense.com.br\/servidor\/?p=12926"},"modified":"2019-06-21T17:34:27","modified_gmt":"2019-06-21T20:34:27","slug":"cidadania-ex-pps-entra-com-acao-no-stf-contra-mp-da-demarcacao-de-terras-indigenas","status":"publish","type":"post","link":"https:\/\/blogs.correiobraziliense.com.br\/servidor\/cidadania-ex-pps-entra-com-acao-no-stf-contra-mp-da-demarcacao-de-terras-indigenas\/","title":{"rendered":"Cidadania (ex-PPS) entra com a\u00e7\u00e3o no STF contra MP da demarca\u00e7\u00e3o de terras ind\u00edgenas"},"content":{"rendered":"<p><em>O Cidadania, novo nome do PPS, protocolou nesta sexta-feira (21) no STF (Supremo Tribunal Federal) ADI (A\u00e7\u00e3o Direta de Inconstitucionalidade), com pedido de liminar, contra a medida provis\u00f3ria (MP 886\/2019) editada pelo governo Bolsonaro que transfere para o Minist\u00e9rio da Agricultura a responsabilidade da demarca\u00e7\u00e3o de terras ind\u00edgenas.<\/em><\/p>\n<p>Na a\u00e7\u00e3o, o partido argumenta que a MP &#8220;ofende o princ\u00edpio da irrepetibilidade de medida provis\u00f3ria que tenha sido rejeitada na mesma sess\u00e3o legislativa&#8221; porque reverte decis\u00e3o do Congresso Nacional, que subordinou a demarca\u00e7\u00e3o ao Minist\u00e9rio da Justi\u00e7a ao aprovar a MP 870\/2019, que reduziu o n\u00famero de pastas da administra\u00e7\u00e3o federal de 29 para 22 minist\u00e9rios.<\/p>\n<p>&#8220;Como se v\u00ea, a hip\u00f3tese \u00e9 de evidente ofensa ao princ\u00edpio da irrepetibilidade de medida provis\u00f3ria que tenha sido rejeitada na mesma sess\u00e3o legislativa, agravada pelo fato de que a Medida Provis\u00f3ria impugnada foi editada no mesmo dia em que foi sancionada \u2013 com vetos parciais \u2013 a Lei oriunda do Projeto de Lei de Convers\u00e3o n\u00ba 10\/2019, evidenciando uma indisfar\u00e7ada contrariedade com as altera\u00e7\u00f5es promovidas pelo Poder Legislativo&#8221;, argumenta o partido.<\/p>\n<p>Para o advogado da sigla, Renato Galuppo, a MP 886 \u00e9 inconstitucional porque for\u00e7a o Congresso Nacional a rediscutir sobre que minist\u00e9rio cabe a compet\u00eancia da demarca\u00e7\u00e3o quando o assunto j\u00e1 foi deliberado em outra medida provis\u00f3ria.<\/p>\n<p>A MP 886, no entanto, manteve no Minist\u00e9rio da Justi\u00e7a os assuntos relacionados aos direitos dos \u00edndios, com exce\u00e7\u00e3o da quest\u00e3o fundi\u00e1ria.<\/p>\n<p><strong>MP 870<\/strong><\/p>\n<p>A MP 870 foi aprovada pela C\u00e2mara dos Deputados e pelo Senado em maio. O texto que saiu das duas Casas reservou a identifica\u00e7\u00e3o e demarca\u00e7\u00e3o de terras \u00e0 Funai (Funda\u00e7\u00e3o Nacional do \u00cdndio), \u00f3rg\u00e3o que foi vinculado ao Minist\u00e9rio da Justi\u00e7a. Originalmente, o texto da MP assinada por Bolsonaro previa a demarca\u00e7\u00e3o a cargo da pasta da Agricultura e a Funai subordinada \u00e0 pasta da Mulher, Fam\u00edlia e Direitos Humanos.<\/p>\n<p><strong>Devolu\u00e7\u00e3o<\/strong><\/p>\n<p>A l\u00edder do Cidadania no Senado, Eliziane Gama (MA), solicitou ao presidente da Casa, Davi Alcolumbre (DEM-AP), a devolu\u00e7\u00e3o da MP 886\/2019 nesta quarta-feira (19). Para a parlamentar, a devolu\u00e7\u00e3o \u00e9 necess\u00e1ria porque a medida \u00e9 \u201cflagrantemente inconstitucional\u201d.<\/p>\n<p>\u201cO Congresso Nacional deve negar a validade da tramita\u00e7\u00e3o da MP tendo em vista que se trata de reedi\u00e7\u00e3o de medida provis\u00f3ria\u201d, diz a senadora, ao ressaltar que a Constitui\u00e7\u00e3o veda a reedi\u00e7\u00e3o de medida provis\u00f3ria numa \u201cmesma sess\u00e3o legislativa\u201d.<\/p>\n","protected":false},"excerpt":{"rendered":"<p>O Cidadania, novo nome do PPS, protocolou nesta sexta-feira (21) no STF (Supremo Tribunal Federal) ADI (A\u00e7\u00e3o Direta de Inconstitucionalidade), com pedido de liminar, contra a medida provis\u00f3ria (MP 886\/2019) editada pelo governo Bolsonaro que transfere para o Minist\u00e9rio da Agricultura a responsabilidade da demarca\u00e7\u00e3o de terras ind\u00edgenas. Na a\u00e7\u00e3o, o partido argumenta que a MP &#8220;ofende o princ\u00edpio da [&hellip;]<\/p>\n","protected":false},"author":27,"featured_media":0,"comment_status":"open","ping_status":"closed","sticky":false,"template":"","format":"standard","meta":{"footnotes":""},"categories":[2719],"tags":[5516,439,693,7026,98,291,617,14,1973,15194,15507,4645,857,34,15508],"class_list":["post-12926","post","type-post","status-publish","format-standard","hentry","category-servidor","tag-adi","tag-cidadania","tag-congresso-nacional","tag-demarcacao","tag-governo","tag-inconstitucional","tag-liminar","tag-mapa","tag-ministerio-da-justica","tag-mp-870-2019","tag-mp-886-2019","tag-poder-legislativo","tag-pps","tag-stf","tag-terras-indigenas"],"_links":{"self":[{"href":"https:\/\/blogs.correiobraziliense.com.br\/servidor\/wp-json\/wp\/v2\/posts\/12926","targetHints":{"allow":["GET"]}}],"collection":[{"href":"https:\/\/blogs.correiobraziliense.com.br\/servidor\/wp-json\/wp\/v2\/posts"}],"about":[{"href":"https:\/\/blogs.correiobraziliense.com.br\/servidor\/wp-json\/wp\/v2\/types\/post"}],"author":[{"embeddable":true,"href":"https:\/\/blogs.correiobraziliense.com.br\/servidor\/wp-json\/wp\/v2\/users\/27"}],"replies":[{"embeddable":true,"href":"https:\/\/blogs.correiobraziliense.com.br\/servidor\/wp-json\/wp\/v2\/comments?post=12926"}],"version-history":[{"count":1,"href":"https:\/\/blogs.correiobraziliense.com.br\/servidor\/wp-json\/wp\/v2\/posts\/12926\/revisions"}],"predecessor-version":[{"id":12927,"href":"https:\/\/blogs.correiobraziliense.com.br\/servidor\/wp-json\/wp\/v2\/posts\/12926\/revisions\/12927"}],"wp:attachment":[{"href":"https:\/\/blogs.correiobraziliense.com.br\/servidor\/wp-json\/wp\/v2\/media?parent=12926"}],"wp:term":[{"taxonomy":"category","embeddable":true,"href":"https:\/\/blogs.correiobraziliense.com.br\/servidor\/wp-json\/wp\/v2\/categories?post=12926"},{"taxonomy":"post_tag","embeddable":true,"href":"https:\/\/blogs.correiobraziliense.com.br\/servidor\/wp-json\/wp\/v2\/tags?post=12926"}],"curies":[{"name":"wp","href":"https:\/\/api.w.org\/{rel}","templated":true}]}}